{"id":199,"date":"2017-06-02T17:05:32","date_gmt":"2017-06-02T17:05:32","guid":{"rendered":"http:\/\/scoo-cham.de\/?p=199"},"modified":"2017-07-05T08:15:17","modified_gmt":"2017-07-05T08:15:17","slug":"grusswort-zum-30-jaehrigen-vereinsbestehen","status":"publish","type":"post","link":"http:\/\/scoo-cham.de\/?p=199","title":{"rendered":"Gru\u00dfwort zum 30-j\u00e4hrigen Vereinsbestehen"},"content":{"rendered":"<hr \/>\n<p><img loading=\"lazy\" decoding=\"async\" class=\"alignright size-medium wp-image-201\" src=\"http:\/\/scoo-cham.de\/wp-content\/uploads\/2017\/06\/renothklein-251x300.png\" alt=\"\" width=\"251\" height=\"300\" srcset=\"http:\/\/scoo-cham.de\/wp-content\/uploads\/2017\/06\/renothklein-251x300.png 251w, http:\/\/scoo-cham.de\/wp-content\/uploads\/2017\/06\/renothklein.png 440w\" sizes=\"auto, (max-width: 251px) 100vw, 251px\" \/>von Vereinsgr\u00fcnder und Ehrenmitglied Peter Renoth<\/p>\n<p>Schie\u00dfclub Oberpfalz Ost<br \/>\nWo kemma mir denn her?<\/p>\n<p>Viele unserer Gr\u00fcndungsmitglieder waren bis dorthin eigentlich alle \u201erechtschaffene\u201c Sch\u00fctzen des Bayerischen Sportsch\u00fctzenbundes, die in der Diaspora so gut wie m\u00f6glich mit dem Nachbarn \u201eOberpf\u00e4lzer Sch\u00fctzenbund\u201c auskommen durften.<\/p>\n<p>Mir pers\u00f6nlich war der Sport \u2013 und von nichts anderem reden wir hier \u2013 in dem Umfeld immer ein wenig \u201ezu brav\u201c. Neben der schie\u00dfsportlichen Leistung, die vor allem meine Frau Ingrid im BSSB erbracht hatte, sollte auch der Spa\u00df am Sport nicht zu kurz kommen. Da hatte ich in der Literatur und dann pers\u00f6nlich vor Ort in \u00d6sterreich auch den Spa\u00df am Schie\u00dfen gefunden. Dort gab es n\u00e4mlich sehr dynamische Wettk\u00e4mpfe im IPSC- und auch Silhouettenschie\u00dfen mit Pistole und Gewehr. Und es fand sich bald auch ein Kreis interessierter Sch\u00fctzen, die da weiter machen wollten.<\/p>\n<p>Der Weg nach Ober\u00f6sterreich war aber doch recht weit und so wollten wir \u00e4hnliches auch bei uns praktizieren. Aber damals hatte das nicht nur der BSSB kategorisch ausgeschlossen, auch die anderen in Deutschland zugelassenen Vereine wollten sich noch nicht damit befassen. Wir wollten aber auf jeden Fall Gro\u00dfkaliberdisziplinen schie\u00dfen &#8230; nicht nur mit Kurzwaffen, sondern auch mit Gewehr. Einen Schie\u00dfstand f\u00fcr J\u00e4ger in Sch\u00f6nsee hatte ich ja auch beruflich bereits genutzt.<br \/>\nRecherchen der verschiedenen Sportordnungen ergaben, dass der BDS unseren Vorstellungen am n\u00e4chsten lag. Wobei Recherchen damals noch von Hand durchgef\u00fchrt wurden. Da kennt jemand einen der wei\u00df wo was ist, oder geschrieben steht &#8230; und dann muss man sich eine Sportordnung erst einmal schicken lassen und von A bis Z durchlesen \u2013 so ging Recherche im Jahr 1987. Im August 1987 fanden sich dann ein paar \u201eWuide\u201c, die beim Russenbr\u00e4u in Tiefenbach den &#8222;Schie\u00dfclub Sch\u00f6nsee&#8220; im Bund Deutscher Sportsch\u00fctzen gr\u00fcndeten. Damals gab es auch noch gewaltige H\u00fcrden zu \u00fcberwinden. Der BSSB wollte alle Mitglieder des BDS aus seinem Verband ausschlie\u00dfen, m\u00f6glicherweise war das beim OSB \u00e4hnlich gelagert. Auf jeden Fall hatten wir mit der Vereinsgr\u00fcndung eigentlich alles, was uns am Herzen lag. Wir konnten bei den J\u00e4gern auf dem Stand in Sch\u00f6nsee schie\u00dfen, wir hatten eine Sportordnung, die uns verschiedene Gro\u00dfkaliberdisziplinen erm\u00f6glichte, gerade auch mit Gewehr.<\/p>\n<p>Da gab es aber auch immer wieder Stolpersteine, gerade im waffenrechtlichen Bereich. W\u00e4hrend wir am Landratsamt in Cham doch einen sehr verst\u00e4ndigen Sachbearbeiter antrafen, gab es beim Landratsamt in Schwandorf oftmals sehr sehr gro\u00dfe H\u00fcrden zu \u00fcberwinden. Und dann wurde das mit dem Schie\u00dfstand in Sch\u00f6nsee ein Problem. Da fingen erst die Anwohner an zu maulen, was nat\u00fcrlich die Eigent\u00fcmer (J\u00e4ger) erschreckte, und uns Einschr\u00e4nkungen erbrachte. Und irgendwann kam dann das Aus f\u00fcr den Schie\u00dfstand dort, er entsprach nicht mehr den geltenden Sicherheitsbestimmungen.<\/p>\n<p>Damals konnten wir mit der Pistolengruppe Cham eine Vereinbarung treffen, dass wir den Stand dort f\u00fcr unser Training und Wettkampf benutzen durften. Allerdings waren die M\u00f6glichkeit f\u00fcr Gewehr damit nicht mehr gegeben. Die M\u00f6glichkeit einen eigenen Schie\u00dfstand zu bauen kam ja nur in Betracht, wenn auch Gewehrbahnen mit errichtet w\u00fcrden. Und das Vorhaben war f\u00fcr unseren jungen Verein dann einfach zu teuer.<\/p>\n<p>Und wei\u00df der Teufel wie es geschah, dann kam die M\u00f6glichkeit in Kout na Sumave zu schie\u00dfen. Das hat der Andreas dann weiter forciert und ausgebaut. Da Tschechien zwischenzeitlich auch in der EU ist, ist auch der Aufenthalt an der Grenze nicht mehr so aufwendig wie fr\u00fcher. Nicht hin, und nicht zur\u00fcck! &#8230; wobei bei den Fahrten nach Kout immer wieder etwas au\u00dfer der Reihe geschah: Ob es die Liebesdienerinnen am Stra\u00dfenrand waren, die ich als Anhalterinnen vermutete, oder tschechische Polizeibeamte, die uniformiert auf dem Schie\u00dfstand auftauchten, allerdings nur um uns ihre Waffen vorzuf\u00fchren &#8230;<\/p>\n<p>Es waren sch\u00f6ne Jahre, und sie waren f\u00fcr uns auch erfolgreich, auch wenn wir noch immer keinen eigenen Schie\u00dfstand in der Umgebung haben. Was aber mit den M\u00f6glichkeiten in Seugenhof bei Eschlkam nun auch nicht mehr so tragisch ist. Es war ein recht wilder, verwegener Haufen, der den Verein immer am Leben gehalten hat. Und so, wie ich das aus der Entfernung betrachte ist es immer noch ein recht verwegener Haufen, der den Kern des Vereins bildet. Leider l\u00e4sst mir mein kommunalpolitischer Einsatz hier wenig Zeit f\u00fcr Privates. Aber im vergangenen Jahr hatte ich mir schon ein paar Stunden stehlen k\u00f6nnen, und ich bin, zwar nicht mehr so ein wilder Hund, aber fest entschlossen, meine Zeit bei Euch ein wenig auszubauen. Heuer im Sommer werd&#8216; ich bestimmt \u00f6fter bei Euch vorbeischau&#8217;n.<br \/>\nUnd \u00fcberhaupt w\u00fcnsch&#8216; ich Euch f\u00fcr das Jubil\u00e4umsjahr alles erdenklich<br \/>\nGute und viel Erfolg!<\/p>\n<p>Euer Peter<\/p>\n<p>Bayerisch Gmain im Januar 2017<\/p>\n","protected":false},"excerpt":{"rendered":"<p>von Vereinsgr\u00fcnder und Ehrenmitglied Peter Renoth Schie\u00dfclub Oberpfalz Ost Wo kemma mir denn her? Viele unserer Gr\u00fcndungsmitglieder waren bis dorthin eigentlich alle \u201erechtschaffene\u201c Sch\u00fctzen des Bayerischen Sportsch\u00fctzenbundes, die in der Diaspora so gut wie m\u00f6glich mit dem Nachbarn \u201eOberpf\u00e4lzer Sch\u00fctzenbund\u201c<\/p>\n","protected":false},"author":1,"featured_media":0,"comment_status":"open","ping_status":"open","sticky":false,"template":"","format":"standard","meta":{"footnotes":""},"categories":[6,2],"tags":[],"class_list":["post-199","post","type-post","status-publish","format-standard","hentry","category-30-jahre-scoo","category-veranstaltungen"],"_links":{"self":[{"href":"http:\/\/scoo-cham.de\/index.php?rest_route=\/wp\/v2\/posts\/199","targetHints":{"allow":["GET"]}}],"collection":[{"href":"http:\/\/scoo-cham.de\/index.php?rest_route=\/wp\/v2\/posts"}],"about":[{"href":"http:\/\/scoo-cham.de\/index.php?rest_route=\/wp\/v2\/types\/post"}],"author":[{"embeddable":true,"href":"http:\/\/scoo-cham.de\/index.php?rest_route=\/wp\/v2\/users\/1"}],"replies":[{"embeddable":true,"href":"http:\/\/scoo-cham.de\/index.php?rest_route=%2Fwp%2Fv2%2Fcomments&post=199"}],"version-history":[{"count":6,"href":"http:\/\/scoo-cham.de\/index.php?rest_route=\/wp\/v2\/posts\/199\/revisions"}],"predecessor-version":[{"id":222,"href":"http:\/\/scoo-cham.de\/index.php?rest_route=\/wp\/v2\/posts\/199\/revisions\/222"}],"wp:attachment":[{"href":"http:\/\/scoo-cham.de\/index.php?rest_route=%2Fwp%2Fv2%2Fmedia&parent=199"}],"wp:term":[{"taxonomy":"category","embeddable":true,"href":"http:\/\/scoo-cham.de\/index.php?rest_route=%2Fwp%2Fv2%2Fcategories&post=199"},{"taxonomy":"post_tag","embeddable":true,"href":"http:\/\/scoo-cham.de\/index.php?rest_route=%2Fwp%2Fv2%2Ftags&post=199"}],"curies":[{"name":"wp","href":"https:\/\/api.w.org\/{rel}","templated":true}]}}