{"id":680,"date":"2026-02-15T17:45:00","date_gmt":"2026-02-15T17:45:00","guid":{"rendered":"https:\/\/scoo-cham.de\/?p=680"},"modified":"2026-03-16T17:46:37","modified_gmt":"2026-03-16T17:46:37","slug":"jahreshauptversammlung-2026","status":"publish","type":"post","link":"http:\/\/scoo-cham.de\/?p=680","title":{"rendered":"Jahreshauptversammlung 2026"},"content":{"rendered":"\n<h4 class=\"wp-block-heading\">Schie\u00dfclub unter neuer Vorstandschaft<\/h4>\n\n\n\n<p>Am Sonntag, den 15. Februar 2026 traf sich der Schie\u00dfclub Oberpfalz Ost e.V. im Sch\u00fctzenst\u00fcberl der Schie\u00dfanlage Seugenhof zur Jahreshauptversammlung mit Neuwahlen der Vorstandschaft.<\/p>\n\n\n\n<p>Nach Begr\u00fc\u00dfung durch den 1. Vorsitzenden Knoch und anschlie\u00dfenden Totengedenken wurde verk\u00fcndet, dass das Ehrenmitglied Peter Renoth ein Runde f\u00fcr alle Anwesenden spendiert.<\/p>\n\n\n\n<p>Die Tagesordnung wurde genehmigt und die Beschlussf\u00e4higkeit festgestellt.<\/p>\n\n\n\n<p>Aufgrund der stetig steigenden Mitgliedszahlen und der dadurch immer h\u00f6heren Arbeitsbelastung der Vorstandschaft wurde verk\u00fcndet, dass laut \u00a78, Abs. 2 der Satzung zwei Beisitzer in die Vorstandschaft aufzunehmen sind, welche im Zuge der Neuwahlen gew\u00e4hlt werden.<\/p>\n\n\n\n<p>Nach der Verlesung des Protokolls der Jahreshauptversammlung 2025 durch Schriftf\u00fchrer Martin Hartl folgte der Bericht zum abgelaufenen Schie\u00dfsportjahr vom 1. Vorsitzenden Andreas Knoch.<\/p>\n\n\n\n<p>Hier f\u00fchrte er die zahlreichen Termine auf, die der Verein absolvierte. Von den reglul\u00e4ren monatlichen Schie\u00dfterminen in Seugenhof und Kout na Sumave bis zu den zwei 300m Schie\u00dfen bei der SG Steinwald in Friedenfels.<\/p>\n\n\n\n<p>Auch der traditionelle Wettkampf in Tschechien und die Landkreismeisterschaft des PSI wurden wieder gut besucht.<\/p>\n\n\n\n<p>Auch auf der j\u00e4hrlichen Landesdelegiertenversammlung in Mallersdorf sowie der Bezirksversammlung Oberpfalz waren Abordnungen anwesend um die Interessen des Vereins auf Landesebene zu vertreten.<\/p>\n\n\n\n<p>Besonders wichtig war die Info, dass aufgrund der Gesetzeslage in Tschechien jeder Besucher des Schie\u00dfstandes in Kout na Sumave eine ausgedruckte Einladung mitzuf\u00fchren hat. Auch ein Eintrag in die Schie\u00dfkladde vor Ort ist unbedingt notwendig (auch ohne selbst zu Schie\u00dfen). Genauso die Mitf\u00fchrung des Europ\u00e4ischen Feuerwaffenpasses bei Mitnahme von eigenen Waffen.<\/p>\n\n\n\n<p>Nun folgte der Sportbericht und die Ehrungen, welche, wie jedes Jahr, ziemlich umfangreich waren.<br><br><strong>Beteiligung an Meisterschaften:<\/strong><\/p>\n\n\n\n<ul class=\"wp-block-list\">\n<li>Vereinsmeisterschaft 49 Starts (Vorjahr 47)<\/li>\n\n\n\n<li>Landkreismeisterschaft 47 Starts (Vorjahr 53)<\/li>\n\n\n\n<li>Bezirksmeisterschaft 28 Starts (Vorjahr 24)<\/li>\n\n\n\n<li>Landesmeisterschaft 29 Starts (Vorjahr 40)<\/li>\n\n\n\n<li>Deutsche Meisterschaft 4 Starts (Vorjahr 5)<\/li>\n<\/ul>\n\n\n\n<p>Besonders hervorzuheben ist hier Susanne Heiland, welche den 3. Platz auf der deutschen Meisterschaft erreichte.<\/p>\n\n\n\n<p>Auch Ehrenzeichen f\u00fcr langj\u00e4hrige Mitgliedschaft wurden \u00fcbereicht:<\/p>\n\n\n\n<ul class=\"wp-block-list\">\n<li>Susanne Heiland 10 Jahre<\/li>\n\n\n\n<li>Markus Janousch 30 Jahre<\/li>\n<\/ul>\n\n\n\n<p>Vorsitzender Knoch zollte den schie\u00dfsportlichen Leistungen Respekt und w\u00fcnschte<br>weiterhin viel Erfolg. Zusammen mit dem 2. Vorsitzenden Johann Bucher nahm er die<br>Siegerehrung mit Verleihung der Urkunden und Auszeichnungen vor.<\/p>\n\n\n\n<figure class=\"wp-block-image size-large is-resized\"><img loading=\"lazy\" decoding=\"async\" width=\"1024\" height=\"683\" src=\"https:\/\/scoo-cham.de\/wp-content\/uploads\/2026\/03\/JHV_26_1-1024x683.jpg\" alt=\"\" class=\"wp-image-686\" style=\"width:600px\" srcset=\"http:\/\/scoo-cham.de\/wp-content\/uploads\/2026\/03\/JHV_26_1-1024x683.jpg 1024w, http:\/\/scoo-cham.de\/wp-content\/uploads\/2026\/03\/JHV_26_1-300x200.jpg 300w, http:\/\/scoo-cham.de\/wp-content\/uploads\/2026\/03\/JHV_26_1-768x512.jpg 768w, http:\/\/scoo-cham.de\/wp-content\/uploads\/2026\/03\/JHV_26_1-360x240.jpg 360w, http:\/\/scoo-cham.de\/wp-content\/uploads\/2026\/03\/JHV_26_1.jpg 1200w\" sizes=\"auto, (max-width: 1024px) 100vw, 1024px\" \/><figcaption class=\"wp-element-caption\">Eine Vielzahl von Urkunden und Ehrungen konnten auch dieses Jahr verliehen werden.<\/figcaption><\/figure>\n\n\n\n<p>Im darauffolgenden Kassenbericht, wegen Vereinsaustritt von G\u00f6tz Friedrich August Fischer vorgetragen durch den 1. Vorsitzenden Andreas Knoch wurde ersichtlich, dass der Verein auch dieses Jahr gut gewirtschaftet hat.<\/p>\n\n\n\n<p>Kassenpr\u00fcfer Albert Decker bescheinigte eine ordnungsgem\u00e4\u00dfe Buchf\u00fchrung und die Vorstandschaft wurde von der Versammlung entlastet.<\/p>\n\n\n\n<p>Die folgenden Neuwahlen wurden vom Wahlausschuss, bestehend aus Herbert Heiland und Markus Janousch, wie immer, routiniert durchgef\u00fchrt.<br><br><strong>Die neue Vorstandschaft:<\/strong><\/p>\n\n\n\n<ul class=\"wp-block-list\">\n<li>1. Vorsitzender Martin Hartl<\/li>\n\n\n\n<li>2. Vorsitzender Karl-Heinz Stich<\/li>\n\n\n\n<li>Schriftf\u00fchrerin Christine Konadl<\/li>\n\n\n\n<li>Kassier Norbert Schichtl<\/li>\n\n\n\n<li>Sportleiter Michael Spitzhirn<\/li>\n\n\n\n<li>Spartenleiter KW Gerhard Seidl<\/li>\n\n\n\n<li>Spartenleiter LW Andreas Seidl<\/li>\n\n\n\n<li>Beisitzer Sabine Seidl<\/li>\n\n\n\n<li>Beisitzer Markus Janousch<\/li>\n<\/ul>\n\n\n\n<p>Als Kassenpr\u00fcfer wurden Andreas Knoch und Andreas Pregler gew\u00e4hlt.<\/p>\n\n\n\n<figure class=\"wp-block-image size-large is-resized\"><img loading=\"lazy\" decoding=\"async\" width=\"1024\" height=\"683\" src=\"http:\/\/scoo-cham.de\/wp-content\/uploads\/2026\/03\/JHV_26_2-1024x683.jpg\" alt=\"\" class=\"wp-image-687\" style=\"width:600px\" srcset=\"http:\/\/scoo-cham.de\/wp-content\/uploads\/2026\/03\/JHV_26_2-1024x683.jpg 1024w, http:\/\/scoo-cham.de\/wp-content\/uploads\/2026\/03\/JHV_26_2-300x200.jpg 300w, http:\/\/scoo-cham.de\/wp-content\/uploads\/2026\/03\/JHV_26_2-768x512.jpg 768w, http:\/\/scoo-cham.de\/wp-content\/uploads\/2026\/03\/JHV_26_2-360x240.jpg 360w, http:\/\/scoo-cham.de\/wp-content\/uploads\/2026\/03\/JHV_26_2.jpg 1200w\" sizes=\"auto, (max-width: 1024px) 100vw, 1024px\" \/><figcaption class=\"wp-element-caption\">Die neu gew\u00e4hlte Vorstandschaft des Schie\u00dfclubs<\/figcaption><\/figure>\n\n\n\n<p>Der neue 1. Vorsitzende Martin Hartl bedankte sich bei allen Anwesenden f\u00fcr das ausgesprochene Vertrauen und freute sich auf die weitere Zusammenarbeit.<\/p>\n\n\n\n<p><\/p>\n","protected":false},"excerpt":{"rendered":"<p>Schie\u00dfclub unter neuer Vorstandschaft Am Sonntag, den 15. Februar 2026 traf sich der Schie\u00dfclub Oberpfalz Ost e.V. im Sch\u00fctzenst\u00fcberl der Schie\u00dfanlage Seugenhof zur Jahreshauptversammlung mit Neuwahlen der Vorstandschaft. Nach Begr\u00fc\u00dfung durch den 1. Vorsitzenden Knoch und anschlie\u00dfenden Totengedenken wurde verk\u00fcndet,<\/p>\n","protected":false},"author":1,"featured_media":0,"comment_status":"closed","ping_status":"open","sticky":false,"template":"","format":"standard","meta":{"footnotes":""},"categories":[2],"tags":[],"class_list":["post-680","post","type-post","status-publish","format-standard","hentry","category-veranstaltungen"],"_links":{"self":[{"href":"http:\/\/scoo-cham.de\/index.php?rest_route=\/wp\/v2\/posts\/680","targetHints":{"allow":["GET"]}}],"collection":[{"href":"http:\/\/scoo-cham.de\/index.php?rest_route=\/wp\/v2\/posts"}],"about":[{"href":"http:\/\/scoo-cham.de\/index.php?rest_route=\/wp\/v2\/types\/post"}],"author":[{"embeddable":true,"href":"http:\/\/scoo-cham.de\/index.php?rest_route=\/wp\/v2\/users\/1"}],"replies":[{"embeddable":true,"href":"http:\/\/scoo-cham.de\/index.php?rest_route=%2Fwp%2Fv2%2Fcomments&post=680"}],"version-history":[{"count":14,"href":"http:\/\/scoo-cham.de\/index.php?rest_route=\/wp\/v2\/posts\/680\/revisions"}],"predecessor-version":[{"id":696,"href":"http:\/\/scoo-cham.de\/index.php?rest_route=\/wp\/v2\/posts\/680\/revisions\/696"}],"wp:attachment":[{"href":"http:\/\/scoo-cham.de\/index.php?rest_route=%2Fwp%2Fv2%2Fmedia&parent=680"}],"wp:term":[{"taxonomy":"category","embeddable":true,"href":"http:\/\/scoo-cham.de\/index.php?rest_route=%2Fwp%2Fv2%2Fcategories&post=680"},{"taxonomy":"post_tag","embeddable":true,"href":"http:\/\/scoo-cham.de\/index.php?rest_route=%2Fwp%2Fv2%2Ftags&post=680"}],"curies":[{"name":"wp","href":"https:\/\/api.w.org\/{rel}","templated":true}]}}