{"id":147,"date":"2017-05-22T15:15:52","date_gmt":"2017-05-22T15:15:52","guid":{"rendered":"http:\/\/scoo-cham.de\/?p=147"},"modified":"2017-05-22T15:15:52","modified_gmt":"2017-05-22T15:15:52","slug":"verband-pro-schiesssport-international-gegruendet","status":"publish","type":"post","link":"https:\/\/scoo-cham.de\/?p=147","title":{"rendered":"Verband Pro Schie\u00dfsport International gegr\u00fcndet"},"content":{"rendered":"<p>Liebe Schie\u00dfsportfreunde,<\/p>\n<p>f\u00fcr Befremdung gesorgt, hatte Ende vergangenen Jahres die Verlautbarung des Ersten Vorsitzenden der Arbeitsgemeinschaft der Sch\u00fctzenvereine im Landkreis Cham, Christoph Kuchenreuter, dass die ARGE 2017 keine Landkreismeisterschaften mehr ausschreiben wird. Die mir im pers\u00f6nlichen Gespr\u00e4ch mitgeteilten Beweggr\u00fcnde wollte Kuchenreuter trotz mehrmaliger Nachfrage allerdings weder schriftlich best\u00e4tigen noch dementieren. Ich muss schon zugeben: Es ist in der Tat viel einfacher, eine etablierte und bei den Sch\u00fctzen beliebte Veranstaltung zu beenden, als selber eine aufzubauen! Allerdings fragt sich nur, ob dies auch im Sinne der Sportsch\u00fctzen im Landkreis Cham ist?! Wer die Intention, der von mir in meiner Eigenschaft als damaliger Zweiter Vorsitzender der ARGE 2012 eingef\u00fchrten Landkreismeisterschaften nicht verstanden hat, wird dies wohl auch in absehbarer Zukunft nicht tun.<\/p>\n<p>Innerhalb der vergangenen f\u00fcnf Jahre ist die Teilnehmerzahl bei den Landkreismeisterschaften Kurzwaffe und DSG\/Ordonnanz kontinuierlich angewachsen und die dabei erzielten Leistungen brauchen einen Vergleich weder auf nationaler- noch internationaler Ebene scheuen. Hut ab! Angetreten sind dabei Sch\u00fctzen aus s\u00e4mtlichen Wertungsklassen \u2013 angefangen von Junioren \u00fcber Damen bis hin zu den Super-Senioren. Dieser schie\u00dfsportliche Wettbewerb hat \u00fcbrigens nicht nur seit f\u00fcnf Jahren Tradition, sondern zudem auch einen einmaligen Charakter \u2013 zumindest ist mir bundesweit keine vergleichbare Veranstaltung bekannt, bei der Sch\u00fctzen nach Sportordnungen verschiedener Dachverb\u00e4nde \u00fcber Kimme und Korn im Wettkampf stehen k\u00f6nnen. Das Ende f\u00fcr die Landkreismeisterschaften? Ganz sicher nicht, denn so einfach sollte man die Flinte nicht ins Korn schmei\u00dfen &#8230; sondern lieber damit schie\u00dfen! Um eine Fortsetzung der Landkreismeisterschaften in vollem Umfang zu gew\u00e4hrleisten, war jedoch dringend Handlungsbedarf geboten. Dies bewegte einige ambitionierte Sch\u00fctzen dazu, den Sch\u00fctzenverband &#8222;Pro Schie\u00dfsport International&#8220; aus der Taufe zu heben.<\/p>\n<p>&#8230; gesagt, getan: &#8222;Pro Schie\u00dfsport International&#8220; steht und die Unterlagen zur Eintragung der Gemeinn\u00fctzigkeit liegen ebenfalls bereits beim Notar.<\/p>\n<p>Mit Gr\u00fcndung des neuen Sch\u00fctzenverbandes wurde erm\u00f6glicht, auch 2017 wieder Landkreismeisterschaften auszuschreiben, wobei die Durchf\u00fchrung der Wettbewerbe in den bew\u00e4hrten H\u00e4nden der Pistolengruppe Cham e.V. und des Schie\u00dfclub Oberpfalz Ost e.V. liegt. Mein Dank gilt allen bisher teilnehmenden Vereinen f\u00fcr den kameradschaftlichen Zusammenhalt, den Sch\u00fctzen f\u00fcr ihr faires und diszipliniertes Verhalten am Schie\u00dfstand sowie Schie\u00dfleitung und<br \/>\nStandpersonal, die verl\u00e4sslich f\u00fcr einen reibungslosen Ablauf gesorgt haben. Knapp 100 Starts waren bei den Landkreismeisterschaften im vergangenen Jahr zu verzeichnen. Besonders w\u00fcrde es mich nat\u00fcrlich freuen, heuer die 100er-Marke zu toppen. Also, auf geht&#8217;s in die sechste Runde \u2013 vielen Dank im Voraus!<\/p>\n<p>Allzeit gut Schuss und viel Erfolg bei den Landkreismeisterschaften 2017<br \/>\nw\u00fcnscht<\/p>\n<p>Andreas Knoch<br \/>\nPr\u00e4sident Pro Schie\u00dfsport International<br \/>\n1. Vorsitzender Schie\u00dfclub Oberpfalz Ost e.V.<\/p>\n","protected":false},"excerpt":{"rendered":"<p>Liebe Schie\u00dfsportfreunde, f\u00fcr Befremdung gesorgt, hatte Ende vergangenen Jahres die Verlautbarung des Ersten Vorsitzenden der Arbeitsgemeinschaft der Sch\u00fctzenvereine im Landkreis Cham, Christoph Kuchenreuter, dass die ARGE 2017 keine Landkreismeisterschaften mehr ausschreiben wird. Die mir im pers\u00f6nlichen Gespr\u00e4ch mitgeteilten Beweggr\u00fcnde wollte<\/p>\n","protected":false},"author":1,"featured_media":0,"comment_status":"open","ping_status":"open","sticky":false,"template":"","format":"standard","meta":{"footnotes":""},"categories":[2],"tags":[],"class_list":["post-147","post","type-post","status-publish","format-standard","hentry","category-veranstaltungen"],"_links":{"self":[{"href":"https:\/\/scoo-cham.de\/index.php?rest_route=\/wp\/v2\/posts\/147","targetHints":{"allow":["GET"]}}],"collection":[{"href":"https:\/\/scoo-cham.de\/index.php?rest_route=\/wp\/v2\/posts"}],"about":[{"href":"https:\/\/scoo-cham.de\/index.php?rest_route=\/wp\/v2\/types\/post"}],"author":[{"embeddable":true,"href":"https:\/\/scoo-cham.de\/index.php?rest_route=\/wp\/v2\/users\/1"}],"replies":[{"embeddable":true,"href":"https:\/\/scoo-cham.de\/index.php?rest_route=%2Fwp%2Fv2%2Fcomments&post=147"}],"version-history":[{"count":1,"href":"https:\/\/scoo-cham.de\/index.php?rest_route=\/wp\/v2\/posts\/147\/revisions"}],"predecessor-version":[{"id":148,"href":"https:\/\/scoo-cham.de\/index.php?rest_route=\/wp\/v2\/posts\/147\/revisions\/148"}],"wp:attachment":[{"href":"https:\/\/scoo-cham.de\/index.php?rest_route=%2Fwp%2Fv2%2Fmedia&parent=147"}],"wp:term":[{"taxonomy":"category","embeddable":true,"href":"https:\/\/scoo-cham.de\/index.php?rest_route=%2Fwp%2Fv2%2Fcategories&post=147"},{"taxonomy":"post_tag","embeddable":true,"href":"https:\/\/scoo-cham.de\/index.php?rest_route=%2Fwp%2Fv2%2Ftags&post=147"}],"curies":[{"name":"wp","href":"https:\/\/api.w.org\/{rel}","templated":true}]}}