{"id":284,"date":"2018-01-29T16:06:13","date_gmt":"2018-01-29T16:06:13","guid":{"rendered":"http:\/\/scoo-cham.de\/?p=284"},"modified":"2018-01-29T16:07:55","modified_gmt":"2018-01-29T16:07:55","slug":"schiessclub-zog-jahresbilanz","status":"publish","type":"post","link":"https:\/\/scoo-cham.de\/?p=284","title":{"rendered":"Schie\u00dfclub zog Jahresbilanz"},"content":{"rendered":"<p>Verein weiter unter bew\u00e4hrter F\u00fchrung \u2013 Jubeljahr erfolgreich abgeschlossen<\/p>\n<figure id=\"attachment_277\" aria-describedby=\"caption-attachment-277\" style=\"width: 540px\" class=\"wp-caption alignleft\"><a href=\"http:\/\/scoo-cham.de\/wp-content\/uploads\/2018\/01\/JHV18.jpg\"><img loading=\"lazy\" decoding=\"async\" class=\"wp-image-277 size-large\" src=\"http:\/\/scoo-cham.de\/wp-content\/uploads\/2018\/01\/JHV18-1024x768.jpg\" alt=\"\" width=\"540\" height=\"405\" srcset=\"https:\/\/scoo-cham.de\/wp-content\/uploads\/2018\/01\/JHV18-1024x768.jpg 1024w, https:\/\/scoo-cham.de\/wp-content\/uploads\/2018\/01\/JHV18-300x225.jpg 300w, https:\/\/scoo-cham.de\/wp-content\/uploads\/2018\/01\/JHV18-768x576.jpg 768w\" sizes=\"auto, (max-width: 540px) 100vw, 540px\" \/><\/a><figcaption id=\"caption-attachment-277\" class=\"wp-caption-text\">\u00dcber Urkunden und Auszeichnungen konnten sich zahlreiche Mitglieder freuen.<\/figcaption><\/figure>\n<p>Zur Jahreshauptversammlung traf sich der Schie\u00dfclub Oberpfalz Ost e.V. am Sonntag, 14. Januar, im Hotel Hohenbogen in Furth im Wald. Im Anschluss an die Begr\u00fc\u00dfung durch ersten Vorsitzenden Andreas Knoch galt es verstorbenen Sch\u00fctzen zu gedenken. Im Besonderen war das Totengedenken Hans Lauerer aus Furth im Wald und Herbert Rossmann aus Teunz gewidmet. Nach Genehmigung der Tagesordnung und Feststellung der Beschlussf\u00e4higkeit verlas Schriftf\u00fchrer Martin Hartl das Protokoll zur Jahreshauptversammlung des Vorjahres. In seinem Jahresbericht gab Knoch einen Einblick \u00fcber das abgelaufene Schie\u00dfsportjahr. Der Jahresabschluss mit den tschechischen Sch\u00fctzenkollegen im Sch\u00fctzenst\u00fcberl in Seugenhof stand im Januar auf dem Programm. Eine Abordnung des Vereins besuchte die Landesdelegiertenversammlung des Bund Bayerischer Sch\u00fctzen in Bad Abbach. Im Jubeljahr wurden Schie\u00dfwesten mit Vereinslogo angeschafft, f\u00fcr die es neben Sponsoring durch die Firma Waffen Seidl einen Zuschuss seitens des Vereins gegeben hatte. Zum Erhalt der Vielfalt im Schie\u00dfsport wurde der Sch\u00fctzenverband \u201ePro Schie\u00dfsport International\u201c aus der Taufe gehoben, der als gemeinn\u00fctziger Verein in das Vereinsregister eingetragen ist. Auch 2018 werden wieder Landkreismeisterschaften ausgeschrieben, wie weiter zu erfahren war.<\/p>\n<p>Beim traditionellen Wettkampf durch drei Disziplinen in Kout na Sumave beteiligten sich zahlreiche Sch\u00fctzen. In der Gesamtwertung siegte die deutsche Mannschaft mit einem Ergebnis von 814 Ring; auf Platz 2 folgte Tschechien mit 785 Ring.<\/p>\n<p>In der Einzelwertung kam Sabine Heiland mit 252 Ring auf Platz 1, vor Johann Bucher mit 216 Ring. Auf den weiteren Pl\u00e4tzen folgten G\u00f6tz F.A. Fischer (6.), Albert Gruber (7.), Herbert Heiland (8.), Daniel Krieger (9), Andreas Knoch (10.), Kurt Rank (11.), Karl-Heinz Stich (12), Susanne Heiland (14) und Gerhard Seidl (15.).<br \/>\nEinen kleinen Kraftakt zu stemmen, galt es f\u00fcr die Feierlichkeiten Ende August mit einem besonderen Schie\u00dfen zum 30-j\u00e4hrigen Vereinsbestehen \u2013 organisatorisch, logistisch und auch schie\u00dftechnisch. Interessant war bei der Veranstaltung, das sich doch zahlreiche Newcomer eingefunden hatten \u2013 f\u00fcr einige davon war es sogar das erste Schie\u00dfen im Gro\u00dfkaliberbereich \u00fcberhaupt. Sein Dank galt allen Sch\u00fctzen f\u00fcr ihr diszipliniertes Verhalten, den verantwortlichen Aufsichten f\u00fcr die routinierte Abwicklung im Schie\u00dfstand und der Pistolengruppe Cham, die ihre Schie\u00dfanlage samt Sch\u00fctzenheim f\u00fcr die zweit\u00e4gige Feier zur Verf\u00fcgung gestellt hatten. F\u00fcr die tatkr\u00e4ftige Unterst\u00fctzung bei der Veranstaltung zum 30-j\u00e4hrigen Vereinsbestehen wurden Sabine Seidl, Johann Bucher, G\u00f6tz F.A. Fischer, Martin Hartl, Markus Janousch, Wolfgang Jaskulla, Andreas Seidl, Gerhard Seidl und Karl-Heinz Stich mit Ukrunden und Ehrenzeichen bedacht. Ihr K\u00f6nnen \u00fcber Kimme und Korn hatten die Sch\u00fctzen auch wieder bei der Vereins-, Landkreis- und Bezirks-, Landes- und Deutschen Meisterschaft unter Beweis gestellt. Vorsitzender Knoch zollte den schie\u00dfsportlichen Leistungen Respekt und w\u00fcnschte weiterhin viel Erfolg. Zusammen mit Sportleiter Karl-Heinz Stich nahm er die Siegerehrung vor.<\/p>\n<p>Es galt auch Mitgliedern f\u00fcr ihre langj\u00e4hrige Treue zum Verein zu danken. Das Ehrenzeichen f\u00fcr zehn Jahre Mitgliedschaft erhielten Hermann Greil, Rainer Gruber, Benedikt Rauscher und Andreas Seidl.<\/p>\n<p>F\u00fcr 20-j\u00e4hrige Mitgliedschaft wurden Josef Ferstl und Franz Miedaner ausgezeichnet. F\u00fcr 30 Jahre: Adolf Bindl, Thomas Brandl, Albert Decker, Hans Dirnberger, Christian Dums, Wollfgang Dums, Herbert Heiland, Sabine Heiland, Andreas Knoch, Michael Lahner, G\u00fcnther Schroller, Karl-Heinz Stich und Klaus Stich.<br \/>\nDer ausf\u00fchrliche Kassenbericht von G\u00f6tz Friedrich-August Fischer zeigte auf, dass der Verein gut gewirtschaftet hatte. Auch f\u00fcr das Jubil\u00e4umsschie\u00dfen musste nicht auf R\u00fccklagen zur\u00fcckgegriffen werden. Kassenpr\u00fcfer Albert Decker bescheinigte ordnungsgem\u00e4\u00dfe Buchf\u00fchrung, so dass einer Entlastung der Vorstandschaft nichts im Wege stand. Neuwahlen standen ebenfalls auf dem Programm, die unter der Leitung von Herbert Heiland und Markus Janousch durchgef\u00fchrt wurden. Die Wahlen hatten folgendes Ergebnis:<\/p>\n<p>1. Vorsitzender: Andreas Knoch<\/p>\n<p>2. Vorsitzender: Johann Bucher<\/p>\n<p>Schriftf\u00fchrer: Martin Hartl<\/p>\n<p>Kassier: G\u00f6tz F.A. Fischer<\/p>\n<p>Sportleiter: Karl-Heinz Stich<\/p>\n<p>Spartenleiter Kurzwaffe: Gerhard Seidl<\/p>\n<p>Spartenleiter Langwaffe: Andreas Seidl.<\/p>\n<p>Nach Ausf\u00fchrungen \u00fcber die Umsetzung der ge\u00e4nderten EU-Feuerwaffenrichtlinie und \u00fcber geplante und erfolgte Neuerungen im Waffenrecht beziehungsweise der Verwaltungsvorschriften, wurde der offizielle Teil der Versammlung abgeschlossen.<\/p>\n","protected":false},"excerpt":{"rendered":"<p>Verein weiter unter bew\u00e4hrter F\u00fchrung \u2013 Jubeljahr erfolgreich abgeschlossen Zur Jahreshauptversammlung traf sich der Schie\u00dfclub Oberpfalz Ost e.V. am Sonntag, 14. Januar, im Hotel Hohenbogen in Furth im Wald. Im Anschluss an die Begr\u00fc\u00dfung durch ersten Vorsitzenden Andreas Knoch galt<\/p>\n","protected":false},"author":1,"featured_media":0,"comment_status":"open","ping_status":"open","sticky":false,"template":"","format":"standard","meta":{"footnotes":""},"categories":[2],"tags":[],"class_list":["post-284","post","type-post","status-publish","format-standard","hentry","category-veranstaltungen"],"_links":{"self":[{"href":"https:\/\/scoo-cham.de\/index.php?rest_route=\/wp\/v2\/posts\/284","targetHints":{"allow":["GET"]}}],"collection":[{"href":"https:\/\/scoo-cham.de\/index.php?rest_route=\/wp\/v2\/posts"}],"about":[{"href":"https:\/\/scoo-cham.de\/index.php?rest_route=\/wp\/v2\/types\/post"}],"author":[{"embeddable":true,"href":"https:\/\/scoo-cham.de\/index.php?rest_route=\/wp\/v2\/users\/1"}],"replies":[{"embeddable":true,"href":"https:\/\/scoo-cham.de\/index.php?rest_route=%2Fwp%2Fv2%2Fcomments&post=284"}],"version-history":[{"count":4,"href":"https:\/\/scoo-cham.de\/index.php?rest_route=\/wp\/v2\/posts\/284\/revisions"}],"predecessor-version":[{"id":286,"href":"https:\/\/scoo-cham.de\/index.php?rest_route=\/wp\/v2\/posts\/284\/revisions\/286"}],"wp:attachment":[{"href":"https:\/\/scoo-cham.de\/index.php?rest_route=%2Fwp%2Fv2%2Fmedia&parent=284"}],"wp:term":[{"taxonomy":"category","embeddable":true,"href":"https:\/\/scoo-cham.de\/index.php?rest_route=%2Fwp%2Fv2%2Fcategories&post=284"},{"taxonomy":"post_tag","embeddable":true,"href":"https:\/\/scoo-cham.de\/index.php?rest_route=%2Fwp%2Fv2%2Ftags&post=284"}],"curies":[{"name":"wp","href":"https:\/\/api.w.org\/{rel}","templated":true}]}}