{"id":321,"date":"2019-01-27T16:22:37","date_gmt":"2019-01-27T16:22:37","guid":{"rendered":"http:\/\/scoo-cham.de\/?p=321"},"modified":"2019-01-27T16:22:38","modified_gmt":"2019-01-27T16:22:38","slug":"jahreshauptversammlung-2019","status":"publish","type":"post","link":"https:\/\/scoo-cham.de\/?p=321","title":{"rendered":"Jahreshauptversammlung 2019"},"content":{"rendered":"\n<p><strong> Schie\u00dfclub zieht positive Jahresbilanz &#8211;  Zahlreiche Wettk\u00e4mpfe absolviert &#8211; auch bei den Landes- und Deutschen Meisterschaften erfolgreich <\/strong><\/p>\n\n\n\n<figure class=\"wp-block-image is-resized\"><img loading=\"lazy\" decoding=\"async\" src=\"http:\/\/scoo-cham.de\/wp-content\/uploads\/2019\/01\/JHV19_1-1024x683.jpg\" alt=\"\" class=\"wp-image-319\" width=\"512\" height=\"342\" srcset=\"https:\/\/scoo-cham.de\/wp-content\/uploads\/2019\/01\/JHV19_1-1024x683.jpg 1024w, https:\/\/scoo-cham.de\/wp-content\/uploads\/2019\/01\/JHV19_1-300x200.jpg 300w, https:\/\/scoo-cham.de\/wp-content\/uploads\/2019\/01\/JHV19_1-768x512.jpg 768w, https:\/\/scoo-cham.de\/wp-content\/uploads\/2019\/01\/JHV19_1-360x240.jpg 360w\" sizes=\"auto, (max-width: 512px) 100vw, 512px\" \/><figcaption>Ihr K\u00f6nnen \u00fcber Kimme und Korn hatten die Sch\u00fctzen wieder deutlich unter Beweis gestellt.<\/figcaption><\/figure>\n\n\n\n<p>Zur Jahreshauptversammlung traf sich der Schie\u00dfclub Oberpfalz Ost e.V. am Sonntag, 13. Januar 2019, im Hotel Hohenbogen in Furth im Wald. Im Anschluss an die Begr\u00fc\u00dfung durch ersten Vorsitzenden Andreas Knoch  galt es verstorbenen Sch\u00fctzen zu gedenken. Nach Genehmigung der Tagesordnung und Feststellung der  Beschlussf\u00e4higkeit verlas Schriftf\u00fchrer Martin Hartl das Protokoll zur  Jahreshauptversammlung des Vorjahres.<br>In seinem Jahresbericht lie\u00df Knoch das abgelaufene Schie\u00dfsportjahr Revue  passieren. Zahlreiche&nbsp; sportliche- und gesellschaftliche Termine gab es zu absolvieren.<br>Der Jahresabschluss mit den tschechischen Sch\u00fctzenkollegen im  Sch\u00fctzenst\u00fcberl in Seugenhof stand im Januar auf dem Programm. Im  feierlichen Rahmen dieser&nbsp; Zusammenkunft&nbsp; wurde Norbert Peldszus aus der  Vorstandschaft verabschiedet. Als Abschiedsgeschenk erhielt der  langj\u00e4hrige Spartenleiter Langwaffe vom ersten Vorsitzenden &#8222;hieb- und  stichfeste Argumente&#8220; in Form eines Samurai-Schwerts \u00fcberreicht.<br>Eine Abordnung des Vereins besuchte&nbsp; die Landesdelegiertenversammlung <br>des Bund Bayerischer Sch\u00fctzen in Bad Abbach. Der Trend zum Schie\u00dfsport  ist ungebrochen, wie auch die steigenden Mitgliederzahlen im  Landesverband deutlich belegen. Bei den&nbsp; Neuwahlen wurde die bisherige  Vorstandschaft im Landesverband mit Sigrid Schuh an der Spitze im Amt  best\u00e4tigt.<\/p>\n\n\n\n<figure class=\"wp-block-image is-resized\"><img loading=\"lazy\" decoding=\"async\" src=\"http:\/\/scoo-cham.de\/wp-content\/uploads\/2019\/01\/JHV19_2-1024x683.jpg\" alt=\"\" class=\"wp-image-320\" width=\"512\" height=\"342\" srcset=\"https:\/\/scoo-cham.de\/wp-content\/uploads\/2019\/01\/JHV19_2-1024x683.jpg 1024w, https:\/\/scoo-cham.de\/wp-content\/uploads\/2019\/01\/JHV19_2-300x200.jpg 300w, https:\/\/scoo-cham.de\/wp-content\/uploads\/2019\/01\/JHV19_2-768x512.jpg 768w, https:\/\/scoo-cham.de\/wp-content\/uploads\/2019\/01\/JHV19_2-360x240.jpg 360w\" sizes=\"auto, (max-width: 512px) 100vw, 512px\" \/><figcaption> Die Sieger im Kampf um die von Johann Frisch gestifteten Pokale:  Herbert Heiland, Matthias Motta und Karl-Heinz Stich (von links).  <\/figcaption><\/figure>\n\n\n\n<p><strong> Schie\u00dfsportliche Erfolge <\/strong><\/p>\n\n\n\n<p>Bei der Vereinsmeisterschaft waren 27 Starts zu verzeichnen; an der <br>Landkreismeisterschaft mit Kurz- und Langwaffe hatten 28 Sch\u00fctzen <br>teilgenommen. Sehr gut angenommen \u2013 auch von Sch\u00fctzen anderer Vereine \u2013 war dabei das Dienstsportgewehr-\/Ordonnanzgewehrschie\u00dfen in Seugenhof.<br>Bei der Bezirksmeisterschaft&nbsp; war der Verein mit 21 Starts vertreten.<br>Zur Landesmeisterschaft konnten sich zwei Sch\u00fctzen qualifizieren, die in insgesamt 17 Disziplinen beziehungsweise Wertungsklassen schossen.<br>Zwei Sch\u00fctzinnen und ein Sch\u00fctze vertraten den Verein bei der Deutschen <br>Meisterschaft&nbsp; in sieben Wertungsklassen.<br>Zwei Mannschaften des Vereins und zahlreiche Einzelsch\u00fctzen nahmen am <br>Jubil\u00e4umspreisschie\u00dfen der Pistolengruppe Cham&nbsp; anl\u00e4sslich des <br>50-j\u00e4hrigen Bestehens teil.&nbsp; In der Einzelwertung konnten Tobias Achatz, <br>Johann Bucher, Josef Ferstl, Alexander Gruber, Sabine Heiland, Wolfgang <br>Jaskulla und Andreas Pregler gute Platzierungen belegen.<br>Der traditionelle Wettkampf durch drei Disziplinen mit den tschechischen  Sch\u00fctzenkollegen fand im Juli am Schie\u00dfplatz in Kout na Sumave statt.&nbsp;  F\u00fcnf Mannschaften und zahlreiche Einzelsch\u00fctzen k\u00e4mpften&nbsp; bereits im 27.  Jahr um Pokale und Sachpreise. Die ersten beiden Mannschaftspl\u00e4tze  sicherten sich die tschechischen Sch\u00fctzen \u2013 eine der  Schie\u00dfclub-Mannschaften folgte auf Platz drei. Die besten Sch\u00fctzen des Schie\u00dfclubs in der Einzelwertung waren:&nbsp; <\/p>\n\n\n\n<p>3. Platz G\u00f6tz F.-A. Fischer (323), 4. Karl-Heinz Stich (277),\u00a0 8. Johann Bucher (264), 9. Daniel Drexler und 10. Christian Pl\u00f6\u00dfl (244).<br><\/p>\n\n\n\n<p>Anl\u00e4sslisch seines 60. Geburtstages hatte Vereinsmitglied Johann Frisch <br>dem Verein drei Pokale gestiftet, die in einem <br>Gro\u00dfklaiber-Kombinations-wettbewerb mit zehn Schuss Lang- und zehn <br>Schuss Kurzwaffe ausgeschossen worden waren. Den 1.\u00a0 Pokal sicherte sich <br>Matthias Motta mit 173 Ring; 2. Herbert Heiland (170 Ring) und 3. Karl-Heinz Stich (169 Ring).<br>Vorsitzender Knoch zollte den schie\u00dfsportlichen Leistungen Respekt und <br>w\u00fcnschte weiterhin viel Erfolg. Zusammen mit Sportleiter Karl-Heinz <br>Stich nahm er die Siegerehrung\u00a0 der Meisterschaften vor.<br>Des\u00a0 Weiteren galt es auch einem Mitglied f\u00fcr\u00a0 seine langj\u00e4hrige Treue <br>zum Verein zu danken: Das Ehrenzeichen f\u00fcr 30 Jahre Mitgliedschaft <br>erhielt Josef Baumann \u00fcberreicht.<\/p>\n\n\n\n<p>Der ausf\u00fchrliche Kassenbericht von G\u00f6tz Friedrich-August Fischer zeigte <br>auf, dass der Verein gut gewirtschaftet hatte.\u00a0 Kassenpr\u00fcfer Albert <br>Decker bescheinigte ordnungsgem\u00e4\u00dfe Buchf\u00fchrung, so dass einer Entlastung der Vorstandschaft nichts im Wege stand.<br>Nach Ausf\u00fchrungen \u00fcber verschiedene waffenrechtliche Belange wurde der offizielle Teil der Versammlung abgeschlossen.<\/p>\n","protected":false},"excerpt":{"rendered":"<p>Schie\u00dfclub zieht positive Jahresbilanz &#8211; Zahlreiche Wettk\u00e4mpfe absolviert &#8211; auch bei den Landes- und Deutschen Meisterschaften erfolgreich Zur Jahreshauptversammlung traf sich der Schie\u00dfclub Oberpfalz Ost e.V. am Sonntag, 13. Januar 2019, im Hotel Hohenbogen in Furth im Wald. Im Anschluss<\/p>\n","protected":false},"author":1,"featured_media":0,"comment_status":"open","ping_status":"open","sticky":false,"template":"","format":"standard","meta":{"footnotes":""},"categories":[2],"tags":[],"class_list":["post-321","post","type-post","status-publish","format-standard","hentry","category-veranstaltungen"],"_links":{"self":[{"href":"https:\/\/scoo-cham.de\/index.php?rest_route=\/wp\/v2\/posts\/321","targetHints":{"allow":["GET"]}}],"collection":[{"href":"https:\/\/scoo-cham.de\/index.php?rest_route=\/wp\/v2\/posts"}],"about":[{"href":"https:\/\/scoo-cham.de\/index.php?rest_route=\/wp\/v2\/types\/post"}],"author":[{"embeddable":true,"href":"https:\/\/scoo-cham.de\/index.php?rest_route=\/wp\/v2\/users\/1"}],"replies":[{"embeddable":true,"href":"https:\/\/scoo-cham.de\/index.php?rest_route=%2Fwp%2Fv2%2Fcomments&post=321"}],"version-history":[{"count":10,"href":"https:\/\/scoo-cham.de\/index.php?rest_route=\/wp\/v2\/posts\/321\/revisions"}],"predecessor-version":[{"id":331,"href":"https:\/\/scoo-cham.de\/index.php?rest_route=\/wp\/v2\/posts\/321\/revisions\/331"}],"wp:attachment":[{"href":"https:\/\/scoo-cham.de\/index.php?rest_route=%2Fwp%2Fv2%2Fmedia&parent=321"}],"wp:term":[{"taxonomy":"category","embeddable":true,"href":"https:\/\/scoo-cham.de\/index.php?rest_route=%2Fwp%2Fv2%2Fcategories&post=321"},{"taxonomy":"post_tag","embeddable":true,"href":"https:\/\/scoo-cham.de\/index.php?rest_route=%2Fwp%2Fv2%2Ftags&post=321"}],"curies":[{"name":"wp","href":"https:\/\/api.w.org\/{rel}","templated":true}]}}