{"id":427,"date":"2019-11-17T18:15:19","date_gmt":"2019-11-17T18:15:19","guid":{"rendered":"http:\/\/scoo-cham.de\/?p=427"},"modified":"2019-11-18T18:07:38","modified_gmt":"2019-11-18T18:07:38","slug":"da-geht-ja-sogar-dem-drachen-die-spucke-aus","status":"publish","type":"post","link":"https:\/\/scoo-cham.de\/?p=427","title":{"rendered":"Da geht ja sogar dem Drachen die Spucke aus"},"content":{"rendered":"\n<div class=\"wp-block-image\"><figure class=\"alignright size-medium\"><img loading=\"lazy\" decoding=\"async\" width=\"225\" height=\"300\" src=\"http:\/\/scoo-cham.de\/wp-content\/uploads\/2019\/11\/smiley-225x300.jpg\" alt=\"\" class=\"wp-image-432\" srcset=\"https:\/\/scoo-cham.de\/wp-content\/uploads\/2019\/11\/smiley-225x300.jpg 225w, https:\/\/scoo-cham.de\/wp-content\/uploads\/2019\/11\/smiley.jpg 600w\" sizes=\"auto, (max-width: 225px) 100vw, 225px\" \/><\/figure><\/div>\n\n\n\n<p> Da soll es doch tats\u00e4chlich Menschen geben, die sind nicht nur zur Drachenstichzeit  ganz anders gewandet, wie im wirklichen Leben*.  <\/p>\n\n\n\n<p>In, zu der jeweiligen Epoche passenden Gew\u00e4ndern geh\u00fcllt, und mit voller Marschausr\u00fcstung bepackt, stellen diese Leute &#8211; zur eigenen Begeisterung und nat\u00fcrlich vor allem auch zur Begeisterung der gro\u00dfen Zuschauerschaft &#8211; Schlachten l\u00e4ngst vergangener Zeiten nach. Mittelalter, Napoleonische Kriege, Gettysburg, Verdun oder D-Day.  <\/p>\n\n\n\n<p>\nReenactment\nhei\u00dft das ganze Spektakel auf Neudeutsch. Da spielen dann Amerikaner\ndie Deutschen und auch umgekehrt. Ein bischen verr\u00fcckt mag das schon\nsein \u2026 aber es kann ja jeder seine Freizeit gestalten, wie es ihm\ngef\u00e4llt, solange er keine Tankstellen \u00fcberf\u00e4llt.<\/p>\n\n\n\n<p>Zuletzt\ngenannte Reenactorengruppen sind \u00fcbrigens ebenfalls gar nicht so gut\nauf die EU-Feuerwaffenrichtlinie zu sprechen, weil sie ja  die \u201eBraut\ndes Soldaten\u201c jetzt selbst in der altbew\u00e4hrten \u201ekastrierten\nVersion\u201c (deaktivierte Feuerwaffe) nicht mehr mitnehmen d\u00fcrfen \u2013\nvor allem nat\u00fcrlich dann nicht, wenn die Schlacht gar im Ausland \nstattfindet (in einen anderen Mitgiedstaat verbringen)!<\/p>\n\n\n\n<p>\nIndustrie\nund  Handel hat das Problem \u00fcbrigens schon l\u00e4ngst erkannt und\nreguliert, denn es gibt zwischenzeitlich sogar K98er aus\nZinkdruckguss-Legierung. \n<\/p>\n\n\n\n<p>\nBitte\ngeben Sie allerdings Obacht, dass Ihnen ein solches Teil im\nSchachtenget\u00fcmmel nicht all zu oft herunterf\u00e4llt, sonst sieht es\nn\u00e4mlich aus wie nach der Kapitulation!<\/p>\n\n\n\n<p>Mir\nsind da zuweilen \u00fcbrigens auch etliche Sammler bekannt, die mangels\nErteilung einer \u201eroten WBK\u201c (Waffenbesitzkarte f\u00fcr Sammler und\nSachverst\u00e4ndige) ganz einfach  \u00fcber Jahrzehnte hinweg Deko- oder\nSalutwaffen von kulturhistorischer Bedeutsamkeit zusammengetragenen\nhaben, die sie aber aufgrund der EU-Feuerwaffenrichtlinie nicht mehr\nver\u00e4u\u00dfern d\u00fcrfen (Inverkehrbringung) und ihre Sammlungen somit\nkomplett monet\u00e4r entwertet wurden.<\/p>\n\n\n\n<p>Vielleicht\nwaren das ja einige der Sammler bereits gewohnt aus vorherigen\nFehlspekulationen am Aktienmarkt, bei denen letztendlich der Bankier\ndes Vertrauens Trost gespendet hatte mit den Worten: \u201eIhr Geld ist\nnicht weg \u2026 das hat jetzt nur ein Anderer!\u201c  \n<\/p>\n\n\n\n<p>\nWer\nbeide vorstehenden Optionen f\u00fcr seine private Altersversorgung\ngezogen hat, der d\u00fcrfte allerdings in der Tat auch im wirklichen\nLeben v\u00f6llig pleite sein &#8230; immerhin gut, dass es noch die Tafel\ngibt! \n<\/p>\n\n\n\n<p>\nPech\ngehabt, erst falsch investiert und dann auch noch von der EU\nenteignet.<\/p>\n\n\n\n<p>\nEs\nsteht wohl au\u00dfer Frage, dass das deutsche Waffengesetz europaweit\neines der strengsten ist. In Zeiten des RAF-Terrorismus entstanden!\nDa wechselte es \u00fcbrigens auch seinen Namen von &#8230;recht in\n&#8230;gesetz. \n<\/p>\n\n\n\n<p>\nDas\nmacht eigentlich schon einen gewaltigen Unterschied, da man mit einem\n&#8230;recht doch auch Rechte verliehen bekommt oder diese zumindest\nerwartet!<\/p>\n\n\n\n<p>\nIn\ndieses strenge Gesetz(esst\u00fcckwerk) wurden dann im Laufe der Jahre\nimmer mehr und noch strengere Paragrafen eingef\u00fcgt und Verordnungen\ndazu erlassen. \n<\/p>\n\n\n\n<p>Das\n3. Waffenrechts\u00e4nderungsgesetz (ich bitte darum, dieses vierteilige\nWortkonstrukt genau zu betrachten: im zweiten Teil befindet sich doch\ntats\u00e4chlich jetzt urpl\u00f6tzlich wieder das Wort RECHT &#8230; nur wo ist\nes denn, das Recht, das ist doch schon in der Vergangenheit\nabhandengekommen ??) sieht f\u00fcr den Besitz dieses alten\n(Entschuldigung, dass ich das jetzt hier Mal so deutlich sagen muss)\n\u201eWaffenschrottes\u201c (wenn auch oftmals von kulturhistorischer\nBedeutung) doch tats\u00e4chlich vor, dass man f\u00fcr selbigen eine\nWaffenbesitzkarte beantragen muss, da nun erlaubnispflichtig. Und\nSalutwaffen gleich zum Verbotenen Gegenstand deklariert ??? Und dass,\nobwohl der Altbesitz sowohl von der EU-Deaktivierungsverordnung und\nauch der EU-Feuerwaffenrichtlinie (mit der Ausnahme von\nInverkehrbringung oder Verbringung in einen anderen Mitgliedstaat)\nausdr\u00fccklich ausgenommen ist. \n<\/p>\n\n\n\n<p>\nBesser\nist da tats\u00e4chlich d&#8217;ran, wer auch richtig lesen kann &#8230;<\/p>\n\n\n\n<p>\nNaja,\ndas verh\u00e4lt sich halt ganz einfach so, wie mit der Rente ab 70 \u2026\ndas will in Wirklichkeit auch keiner &#8211; weder Sie selbst noch Ihr\nArbeitgeber! \n<\/p>\n\n\n\n<p>\nMit\n40 d\u00fcrfen Sie nicht &#8230; mit 50 k\u00f6nnen Sie &#8230; und ab 60 m\u00fcssen Sie\nleider: bei Rot \u00fcber die Ampel gehen!<\/p>\n\n\n\n<p>Sie sollen n\u00e4mlich auch f\u00fcr Ihren alten \u201eWaffenschrott\u201c \u00fcberhaupt keine Waffenbesitzkarte beantragen &#8230; weil Sie den n\u00e4mlich v\u00f6llig entnervt lieber kostenlos und unverbindlich auf der n\u00e4chsten Polizeistation oder bei dem zust\u00e4ndigen Ordnungsamt abgeben sollen! Das ist bestimmt auch besser so f\u00fcr alle Beteiligten, weil dann auch nicht so hohe Verwaltungskosten anfallen und vor allen Dingen v\u00f6llig unn\u00f6tige Arbeit bei den zust\u00e4ndigen Ordnungs\u00e4mtern.<\/p>\n\n\n\n<p>Bitte\npassen Sie dabei allerdings auf, dass sie nicht in \u201eHorstis\nLebendfalle\u201c tappen &#8230; \n<\/p>\n\n\n\n<p> V\u00f6llig entnervt vergessen Sie wahrscheinlich auch, dass es sich bei ihren bisweilen geliebten (Deko)-Sammlungsst\u00fccken sowieso nach geltendem Waffengesetz schon um Anscheinswaffen handelt, die zwischenzeitlich allerdings erlaubnispflichtige Schusswaffen sind. Da bekommen Sie dann anstelle eines Tickets wegen falsch Parkens gleich noch eine Anzeige wegen unerlaubten F\u00fchrens von Schusswaffen.<\/p>\n\n\n\n<p>\nEine\nGlosse aus dem allt\u00e4glichen Leben &#8230;<\/p>\n\n\n\n<p> Viele Gr\u00fc\u00dfe, Ihr Andreas Knoch<\/p>\n\n\n\n<p> Ach, das h\u00e4tte ich jetzt doch in aller Eile fast vergessen:  Innenminister Horst Seehofer will 2021 das Sprengstoffrecht \u00e4ndern &#8230; <\/p>\n\n\n\n<p>\n*\nf\u00fcr alle weniger Kulturbeflissenen oder gar Ausw\u00e4rtige: Der\nDrachenstich ist das \u00e4lteste Volksschauspiel in Deutschland und\nlockt allj\u00e4hrlich zehntausende Besucher nach Furth im Wald\n(Landkreis Cham), das sich dann im tiefsten Mittelalter befindet.<\/p>\n","protected":false},"excerpt":{"rendered":"<p>Da soll es doch tats\u00e4chlich Menschen geben, die sind nicht nur zur Drachenstichzeit ganz anders gewandet, wie im wirklichen Leben*. In, zu der jeweiligen Epoche passenden Gew\u00e4ndern geh\u00fcllt, und mit voller Marschausr\u00fcstung bepackt, stellen diese Leute &#8211; zur eigenen Begeisterung<\/p>\n","protected":false},"author":1,"featured_media":0,"comment_status":"open","ping_status":"open","sticky":false,"template":"","format":"standard","meta":{"footnotes":""},"categories":[2],"tags":[],"class_list":["post-427","post","type-post","status-publish","format-standard","hentry","category-veranstaltungen"],"_links":{"self":[{"href":"https:\/\/scoo-cham.de\/index.php?rest_route=\/wp\/v2\/posts\/427","targetHints":{"allow":["GET"]}}],"collection":[{"href":"https:\/\/scoo-cham.de\/index.php?rest_route=\/wp\/v2\/posts"}],"about":[{"href":"https:\/\/scoo-cham.de\/index.php?rest_route=\/wp\/v2\/types\/post"}],"author":[{"embeddable":true,"href":"https:\/\/scoo-cham.de\/index.php?rest_route=\/wp\/v2\/users\/1"}],"replies":[{"embeddable":true,"href":"https:\/\/scoo-cham.de\/index.php?rest_route=%2Fwp%2Fv2%2Fcomments&post=427"}],"version-history":[{"count":6,"href":"https:\/\/scoo-cham.de\/index.php?rest_route=\/wp\/v2\/posts\/427\/revisions"}],"predecessor-version":[{"id":442,"href":"https:\/\/scoo-cham.de\/index.php?rest_route=\/wp\/v2\/posts\/427\/revisions\/442"}],"wp:attachment":[{"href":"https:\/\/scoo-cham.de\/index.php?rest_route=%2Fwp%2Fv2%2Fmedia&parent=427"}],"wp:term":[{"taxonomy":"category","embeddable":true,"href":"https:\/\/scoo-cham.de\/index.php?rest_route=%2Fwp%2Fv2%2Fcategories&post=427"},{"taxonomy":"post_tag","embeddable":true,"href":"https:\/\/scoo-cham.de\/index.php?rest_route=%2Fwp%2Fv2%2Ftags&post=427"}],"curies":[{"name":"wp","href":"https:\/\/api.w.org\/{rel}","templated":true}]}}