{"id":461,"date":"2019-12-02T00:37:48","date_gmt":"2019-12-02T00:37:48","guid":{"rendered":"http:\/\/scoo-cham.de\/?p=461"},"modified":"2019-12-15T17:00:21","modified_gmt":"2019-12-15T17:00:21","slug":"deutschland-das-land-der-dichter-und-denker","status":"publish","type":"post","link":"https:\/\/scoo-cham.de\/?p=461","title":{"rendered":"Deutschland, das Land der Dichter und Denker"},"content":{"rendered":"\n<div class=\"wp-block-image\"><figure class=\"alignright size-medium is-resized\"><img loading=\"lazy\" decoding=\"async\" src=\"http:\/\/scoo-cham.de\/wp-content\/uploads\/2019\/12\/smiley1-300x300.jpg\" alt=\"\" class=\"wp-image-466\" width=\"150\" height=\"150\" srcset=\"https:\/\/scoo-cham.de\/wp-content\/uploads\/2019\/12\/smiley1-300x300.jpg 300w, https:\/\/scoo-cham.de\/wp-content\/uploads\/2019\/12\/smiley1-150x150.jpg 150w, https:\/\/scoo-cham.de\/wp-content\/uploads\/2019\/12\/smiley1-270x270.jpg 270w, https:\/\/scoo-cham.de\/wp-content\/uploads\/2019\/12\/smiley1.jpg 512w\" sizes=\"auto, (max-width: 150px) 100vw, 150px\" \/><\/figure><\/div>\n\n\n\n<p>Man muss schon sagen, hierzulande herrscht auf alle F\u00e4lle eine sehr gut durchdachte Gesetzesstruktur. Es gibt ja nichts, aber auch wirklich gar nichts, was nicht schon irgendwie gesetzlich reglementiert w\u00e4re.<br>Angefangen von A, wie Antidiskriminierungsgesetz, bis hin zu Z, wie Zebrastreifenpigmentierung.Oder t\u00e4usche ich mich da vielleicht?&nbsp;Da verpackt man doch im Bundesinnenministerium unter Vorsitz unseres werten Bundesinnenministers Horst Seehofer auch ganz schnell (nach \u00fcber einem Jahr Bedenkzeit) noch eine EU-Feuerwaffenrichtlinie&nbsp;<br>(die wohl dort niemand so richtig gelesen hat) in das 3. Waffenrechts\u00e4nderungsgesetz und mogelt da ganz unauff\u00e4llig gleich noch ein paar zus\u00e4tzliche Paragrafen mit hinein (die so kein Mensch gefordert&nbsp;<br> hat und auch wirklich kein Mensch braucht), um das in nationales Recht (das wohl auch nur die wenigsten unserer Politiker kennen) umzusetzen.&nbsp;<br><\/p>\n\n\n\n<p>Deutschland, das Land der Dichter und Denker &#8230; da denkt schon lange keiner mehr!&nbsp;<\/p>\n\n\n\n<p>Magazine mit zu hoher Kapazit\u00e4t und Salutwaffen erkl\u00e4rt man ganz einfach zu verbotenen Gegenst\u00e4nden, die damit in den Zust\u00e4ndigkeitsbereich des Bundeskriminalamtes (BKA) fallen. Bei den Salutwaffen ist ja witzigerweise bereits jetzt schon das BKA (als Zulassungszeichen) drauf.<br>Da bekommen die Damen und Herren vom BKA in Zukunft ja noch ein zus\u00e4tzliches Aufgabengebiet &#8230; f\u00fcr Millionen von Magazinen pers\u00f6nliche Ausnahmegenehmigungen zu schreiben und f\u00fcr 100.000e von Salutwaffen.&nbsp;<br>Vielleicht h\u00e4tte man da im gutsortierten Fachhandel einmal nachfragen sollen, wie viele von solchen Teilen innerhalb der vergangenen 40 Jahren \u00fcber den Tisch v\u00f6llig frei verk\u00e4uflich (Salutwaffen ab 18 Jahren) ihren Besitzer gewechselt haben.&nbsp;<\/p>\n\n\n\n<p>Da wird es dem BKA jetzt nicht langweilig und die haben sich bestimmt schon lange darauf gefreut. Haben die im Kerngesch\u00e4ft eigentlich nichts anderes zu tun? Das organisierte Verbrechen zu bek\u00e4mpfen? Oder gar Terroristen jagen? Daf\u00fcr bleibt jetzt allerdings wohl keine Zeit mehr.&nbsp;<\/p>\n\n\n\n<p>Es ist noch gar nicht so lange her, da hat unsere Bundesregierung ausgemusterte G3 Magazine tonnenweise zum Schrottpreis verkauft, weil die Bundeswehr ein neues Gewehr \u2013 das G36 \u2013 bekommen hat. In einem ganz anderen Kaliber (.223) und da passten ja schlie\u00dflich auch die alten G3 Magazine (.308) nicht mehr. War eine ganz logische Entscheidung \u2013 und ich muss sagen: Ich h\u00e4tte das n\u00e4mlich auch so gemacht!<br>Diese Magazine wanderten dann ganz offiziell in den freien Handel, und nachdem es sich dabei nicht um ein wesentliches Teil einer Schusswaffe handelt, konnten die Magazine dann auch von jedem Mann, jeder Frau und sogar Kindern und Jugendlichen gekauft werden. Da hat sich der Papa bestimmt dar\u00fcber gefreut, dass er so ein sch\u00f6nes G3 Magazin einfach so kaufen konnte, weil es ihn an seine Dienstzeit bei der Bundeswehr erinnert hat. Es w\u00e4re in Anbetracht der geplanten \u00c4nderung des Waffengesetzes eigentlich ganz nett, wenn die Bundesregierung diese Magazine wieder zur\u00fcckkaufen w\u00fcrde, aus Privatbesitz (!) und das nicht zum Tonnenpreis, sondern zum St\u00fcckpreis von 100 Euro! Ist doch ein guter Vorschlag &#8230;oder??<br>Und das mit den Deko-Waffen, die in Zukunft erwerbsscheinpflichtig sein sollen, ist doch wohl auch nur ein Witz?\u00a0<\/p>\n\n\n\n<p>Das deutsche Waffengesetz ist im Rahmen der demokratischen Rechtsordnung bereits in seiner&nbsp;<br>momentanen Entfaltung als grenzwertig zu bezeichnen. Jetzt soll da noch das i-T\u00fcpfelchen draufgesetzt werden: Das 3. Waffenrechts\u00e4nderungsgesetz trifft und enteignet die Personen, die als gesetzestreue B\u00fcrger St\u00fctze des Staates sind. Damit erreicht das deutsche Waffengesetz den Punkt, der es insgesamt verfassungswidrig macht. Es ist in der Tat zwischenzeitlich bereits so weit, dass man mit dem Deutschen Waffengesetz das Bundesverfassungsgericht bem\u00fchen m\u00fcsste, oder lieber gleich den Europ\u00e4ischen Gerichtshof, denn die haben dann ihre eigene EU-Feuerwaffenrichtlinie wieder auf dem Tisch.&nbsp;<\/p>\n\n\n\n<p>Viele Gr\u00fc\u00dfe Ihr Andreas Knoch<\/p>\n","protected":false},"excerpt":{"rendered":"<p>Man muss schon sagen, hierzulande herrscht auf alle F\u00e4lle eine sehr gut durchdachte Gesetzesstruktur. Es gibt ja nichts, aber auch wirklich gar nichts, was nicht schon irgendwie gesetzlich reglementiert w\u00e4re.Angefangen von A, wie Antidiskriminierungsgesetz, bis hin zu Z, wie Zebrastreifenpigmentierung.Oder<\/p>\n","protected":false},"author":1,"featured_media":0,"comment_status":"closed","ping_status":"open","sticky":false,"template":"","format":"standard","meta":{"footnotes":""},"categories":[2],"tags":[],"class_list":["post-461","post","type-post","status-publish","format-standard","hentry","category-veranstaltungen"],"_links":{"self":[{"href":"https:\/\/scoo-cham.de\/index.php?rest_route=\/wp\/v2\/posts\/461","targetHints":{"allow":["GET"]}}],"collection":[{"href":"https:\/\/scoo-cham.de\/index.php?rest_route=\/wp\/v2\/posts"}],"about":[{"href":"https:\/\/scoo-cham.de\/index.php?rest_route=\/wp\/v2\/types\/post"}],"author":[{"embeddable":true,"href":"https:\/\/scoo-cham.de\/index.php?rest_route=\/wp\/v2\/users\/1"}],"replies":[{"embeddable":true,"href":"https:\/\/scoo-cham.de\/index.php?rest_route=%2Fwp%2Fv2%2Fcomments&post=461"}],"version-history":[{"count":8,"href":"https:\/\/scoo-cham.de\/index.php?rest_route=\/wp\/v2\/posts\/461\/revisions"}],"predecessor-version":[{"id":488,"href":"https:\/\/scoo-cham.de\/index.php?rest_route=\/wp\/v2\/posts\/461\/revisions\/488"}],"wp:attachment":[{"href":"https:\/\/scoo-cham.de\/index.php?rest_route=%2Fwp%2Fv2%2Fmedia&parent=461"}],"wp:term":[{"taxonomy":"category","embeddable":true,"href":"https:\/\/scoo-cham.de\/index.php?rest_route=%2Fwp%2Fv2%2Fcategories&post=461"},{"taxonomy":"post_tag","embeddable":true,"href":"https:\/\/scoo-cham.de\/index.php?rest_route=%2Fwp%2Fv2%2Ftags&post=461"}],"curies":[{"name":"wp","href":"https:\/\/api.w.org\/{rel}","templated":true}]}}