{"id":472,"date":"2019-12-12T12:00:51","date_gmt":"2019-12-12T12:00:51","guid":{"rendered":"http:\/\/scoo-cham.de\/?p=472"},"modified":"2019-12-17T22:23:22","modified_gmt":"2019-12-17T22:23:22","slug":"und-es-begab-sich-zu-einer-zeit","status":"publish","type":"post","link":"https:\/\/scoo-cham.de\/?p=472","title":{"rendered":"Und es begab sich zu einer Zeit &#8230;"},"content":{"rendered":"\n<div class=\"wp-block-image\"><figure class=\"alignright size-medium\"><img loading=\"lazy\" decoding=\"async\" width=\"300\" height=\"300\" src=\"http:\/\/scoo-cham.de\/wp-content\/uploads\/2019\/12\/smiley2-300x300.jpg\" alt=\"\" class=\"wp-image-478\" srcset=\"https:\/\/scoo-cham.de\/wp-content\/uploads\/2019\/12\/smiley2-300x300.jpg 300w, https:\/\/scoo-cham.de\/wp-content\/uploads\/2019\/12\/smiley2-150x150.jpg 150w, https:\/\/scoo-cham.de\/wp-content\/uploads\/2019\/12\/smiley2-270x270.jpg 270w, https:\/\/scoo-cham.de\/wp-content\/uploads\/2019\/12\/smiley2.jpg 400w\" sizes=\"auto, (max-width: 300px) 100vw, 300px\" \/><\/figure><\/div>\n\n\n\n<p>Und es begab sich zu einer Zeit, als in Deutschland wieder einmal ein Waffengesetz ge\u00e4ndert und beschlossen werden sollte &#8230;<br>Die hohen Richter in der EU hatten sich dazu entschlossen dem Treiben von b\u00f6sen Menschen ein Ende zu schaffen &#8230; am besten sollten sie weg, die ganzen Waffen!! Dann hatte der K\u00f6nig Wende-Drehofer Herodes seine Schergen im ganzen Lande ausgeschickt, um das angebliche 1:1-Gesetz <br>umzusetzen. Viele v\u00f6llig unschuldige Menschen m\u00fcssten unter seiner geforderten Gesetzgebung leiden und waren davon betroffen, denn sie hatten ja gar nichts B\u00f6ses getan und beschwerten sich infolge dessen (nicht nur) bei den Abgeordneten des Deutschen Bundestages. <\/p>\n\n\n\n<p>W\u00e4schekorbweise landeten Beschwerdebriefe in den vergangenen Wochen und Monaten tagt\u00e4glich nicht nur am Platz der Republik in Berlin, so dass <br>die Damschaften und Herrschaften der hohen Politik gar nicht mehr wussten, wo sie die Beschwerdeschreiben denn archivieren sollten (das haben die zwischenzeitlich schon geschafft), sondern auch in den Landesparlamenten.<br>Insgesamt hatten wir 564 Abgeordnete des Deutschen Bundestages (AfD, CDU, CSU, FDP, SPD, fraktionslose; in alphabetischer Reihenfolge) per Post angeschrieben mit einem pers\u00f6nlichen Anschreiben und der Bitte um <br>R\u00fcckantwort.<br>Des Weiteren erging in der Sache nat\u00fcrlich auch Mitteilung an unseren lieben Bayerischen Ministerpr\u00e4sidenten und CSU Vorsitzenden Markus S\u00f6der mit der Bitte zur Einwirkung auf die Angelegenheit &#8230; und es wurde ja auch (und bitte, dass das keiner falsch versteht, denn keineswegs aufgrund unseres Schreibens ganz alleine &#8230; sondern aufgrund einer Vielzahl von Beschwerden besorgter B\u00fcrger) auch ein entsprechender Dringlichkeitsbeschluss des Kabinetts an die Staatsregierung erlassen, dass zur \u00c4nderung des Waffengesetzes vom Deutschen Bundestag keine \u00fcber die zwingenden Vorgaben der EU-Feuerwaffenrichtlinie hinausgehenden Versch\u00e4rfungen des Waffenrechts (Drucksache 18\/4563) aufgenommen werden sollen!! &#8230; schau mer mal, ob sie das auch tun werden !! <\/p>\n\n\n\n<p> &#8230; und von vielen Abgeordneten des Deutschen Bundestages haben wir auch eine Antwort erhalten. Teilweise leider nur standardisierte R\u00fcckantworten. Aber auch pers\u00f6nliche Stellungnahmen, mit sachverst\u00e4ndigem Bezug zum Thema (angefangen von der Messerverordnung \u00fcber Dekorationswaffen bis hin zu den f\u00fcr derzeit betroffenen (zu) gro\u00dfen Magazinen, wof\u00fcr ich mich herzlich bedanken m\u00f6chte. Selbst standardisierten Schreiben (z.B. aus der CDU\/CSU Fraktion) war dabei allerdings deutlich zu entnehmen, dass eine Versch\u00e4rfung des Waffengesetzes f\u00fcr Legalwaffenbesitzer \u201e\u00fcber die Vorgaben der EU-Feuerwaffenrichtlinie\u201c (parteieigenen Angaben zufolge) nicht erfolgen wird. Die FDP ging dar\u00fcber sogar noch hinaus und hat hierbei zahlreiche Bereiche &#8211; vor allem, was den Altbesitz anbelangt &#8211; noch wesentlich besser im Focus gehabt. Die Abgeordneten der AfD sind durchwegs generell gegen eine Versch\u00e4rfung des Waffengesetzes &#8211; mit teilweise sehr guten Eigenbeitr\u00e4gen &#8211; und werden das 3. Waffenrechts\u00e4nderungsgesetz vermutlich sowieso ablehnen. So, verbleibt nach wie vor nur noch die SPD im Deutschen Bundestag, von der wir leider bis heute keine Stellungnahme erhalten haben, was ich allerdings alles \u00e4u\u00dferst unh\u00f6flich erachte, wenn schon pers\u00f6nlich bei den Abgeordneten der Partei nachgefragt wird!! Die SPD-Kollegen im Bayerischen Landtag waren da \u00fcbrigens viel gespr\u00e4chiger &#8230; und &#8211; trotz mangelndem Sachverstand &#8211; viel schreibfreudiger. Von der Bundestagsfraktion der Partei DIE LINKEN hatte ich trotzdem eine Stellungnahme \u00fcber deren Kreisverband eingefordert &#8230; und das war ja, wie angedacht &#8230; gut dass wir uns das Porto gespart haben. B\u00dcNDNIS 90\/GR\u00dcNE ebenso, da warte ich ja immer noch auf eine Antwort &#8230; <\/p>\n\n\n\n<p>An vorher getroffenen Aussagen der Abgeordneten des Deutschen Bundestages wird man dann ja hoffentlich wohl feststellen k\u00f6nnen, wie weit man seinen Politikern auch in Zukunft Vertrauen schenken kann !!<br> <\/p>\n\n\n\n<p>Die <a href=\"http:\/\/scoo-cham.de\/wp-content\/uploads\/2019\/12\/1915875.pdf\">Drucksache 19\/15875<\/a> des Ausschusses f\u00fcr Inneres und Heimat zur Stellungnahme (Beschlussempfehlung und Bericht des Ausschusses f\u00fcr Inneres und Heimat\/4. Ausschuss vom 11. Dezember 2019) steht jetzt online auf den Seiten des Deutschen Bundestages! Na dann Mal Prost, Mahlzeit &#8230; <\/p>\n\n\n\n<p>Von einer Petition 100913, die sich gegen das 3. Waffenrechts\u00e4nderungsgesetz ausspricht, ist &#8211; obwohl das Quorum von 50.000 Mitzeichnern seit Montag erreicht ist &#8211; zwischenzeitlich immer noch nichts in den geheiligten Hallen des Parlamentes zu h\u00f6ren. Na ja es ist ja schlie\u00dflich auch nur eine Bitte vom armen Volk an die hohe Politik &#8230;<br>Als 28. Petition von \u00fcber 266.000 eingereichten Petitionen, die seit 1980 das Quorum \u00fcberhaupt erreicht haben, m\u00f6chte ich mich \u00fcbrigens bei den beiden Herren (die Namen habe ich jetzt hier mal aus datenschutzrechtlichen Gr\u00fcnden weggelassen), die diese Petition eingereicht haben, recht herzlich bedanken, denen ich f\u00fcr ihren Einsatz um den Erhalt des Schie\u00dfsports, Sch\u00fctzenwesens und des Brauchtums eine <br>Auszeichnung zukommen lassen werde. <\/p>\n\n\n\n<p>Ich habe n\u00e4mlich so langsam das Gef\u00fchl, dass da wohl der Seismograf, der die Stimmung der Bev\u00f6lkerung aufzeichnet, nicht so richtig ausgeschlagen hat \u2026 Engagement im Ehrenamt ist heutzutage keineswegs mehr selbstverst\u00e4ndlich, ansonsten h\u00e4tten \u00fcber 1.000.000 Mitzeichner in der Petition stehen m\u00fcssen !! Das ist leider nur dem Konkurrenzverhalten der Verb\u00e4nde und Vereine geschuldet, was vor allem an den Hauptamtlichen liegt. Geht\u2019s halt zum Sammeln liebe Leut !! <\/p>\n\n\n\n<p>Das ist wirklich ein schie\u00dfsportliches Trauerspiel !! <\/p>\n\n\n\n<p>Man sieht sich immer zweimal im Leben &#8211; das n\u00e4chste Mal sicherlich an der Urne &#8230; ein Schelm ist, wer jetzt B\u00f6ses denkt &#8230; an der Wahlurne nat\u00fcrlich !! <\/p>\n\n\n\n<p>Ihnen, und Ihren Familienangeh\u00f6rigen w\u00fcnsche eine frohe und besinnliche Zeit, bleiben Sie mir bitte gesund. <\/p>\n\n\n\n<p> Ihr Andreas Knoch <\/p>\n","protected":false},"excerpt":{"rendered":"<p>Und es begab sich zu einer Zeit, als in Deutschland wieder einmal ein Waffengesetz ge\u00e4ndert und beschlossen werden sollte &#8230;Die hohen Richter in der EU hatten sich dazu entschlossen dem Treiben von b\u00f6sen Menschen ein Ende zu schaffen &#8230; am<\/p>\n","protected":false},"author":1,"featured_media":0,"comment_status":"closed","ping_status":"open","sticky":false,"template":"","format":"standard","meta":{"footnotes":""},"categories":[2],"tags":[],"class_list":["post-472","post","type-post","status-publish","format-standard","hentry","category-veranstaltungen"],"_links":{"self":[{"href":"https:\/\/scoo-cham.de\/index.php?rest_route=\/wp\/v2\/posts\/472","targetHints":{"allow":["GET"]}}],"collection":[{"href":"https:\/\/scoo-cham.de\/index.php?rest_route=\/wp\/v2\/posts"}],"about":[{"href":"https:\/\/scoo-cham.de\/index.php?rest_route=\/wp\/v2\/types\/post"}],"author":[{"embeddable":true,"href":"https:\/\/scoo-cham.de\/index.php?rest_route=\/wp\/v2\/users\/1"}],"replies":[{"embeddable":true,"href":"https:\/\/scoo-cham.de\/index.php?rest_route=%2Fwp%2Fv2%2Fcomments&post=472"}],"version-history":[{"count":14,"href":"https:\/\/scoo-cham.de\/index.php?rest_route=\/wp\/v2\/posts\/472\/revisions"}],"predecessor-version":[{"id":516,"href":"https:\/\/scoo-cham.de\/index.php?rest_route=\/wp\/v2\/posts\/472\/revisions\/516"}],"wp:attachment":[{"href":"https:\/\/scoo-cham.de\/index.php?rest_route=%2Fwp%2Fv2%2Fmedia&parent=472"}],"wp:term":[{"taxonomy":"category","embeddable":true,"href":"https:\/\/scoo-cham.de\/index.php?rest_route=%2Fwp%2Fv2%2Fcategories&post=472"},{"taxonomy":"post_tag","embeddable":true,"href":"https:\/\/scoo-cham.de\/index.php?rest_route=%2Fwp%2Fv2%2Ftags&post=472"}],"curies":[{"name":"wp","href":"https:\/\/api.w.org\/{rel}","templated":true}]}}