{"id":537,"date":"2020-01-20T18:42:00","date_gmt":"2020-01-20T18:42:00","guid":{"rendered":"http:\/\/scoo-cham.de\/?p=537"},"modified":"2021-01-04T18:43:58","modified_gmt":"2021-01-04T18:43:58","slug":"vorstandschaft-bei-neuwahlen-im-amt-bestaetigt","status":"publish","type":"post","link":"https:\/\/scoo-cham.de\/?p=537","title":{"rendered":"Vorstandschaft bei Neuwahlen im Amt best\u00e4tigt"},"content":{"rendered":"\n<p><strong>\u00dcberschattet war die Jahreshauptversammlung vom 3. Waffenrechts\u00e4nderungsgesetz<\/strong><\/p>\n\n\n\n<p>Zur Jahreshauptversammlung traf sich der Schie\u00dfclub Oberpfalz Ost e.V. am Sonntag, 12. Januar 2020, in der Kellerschenke in Furth im Wald. Im Anschluss an die Begr\u00fc\u00dfung f\u00fchrte der ersten Vorsitzende Andreas Knoch im Totengedenken das deutsche Waffengesetz auf: &#8222;verstorben am Freitag, 13. Dezember 2019. Die Beisetzung fand ohne gro\u00dfe Anteilnahme der Bev\u00f6lkerung am 20. Dezember 2019 in Berlin statt &#8230;&#8220;<\/p>\n\n\n\n<p>Nach Genehmigung der Tagesordnung und Feststellung der Beschlussf\u00e4higkeit verlas Schriftf\u00fchrer Martin Hartl das Protokoll zur Jahreshauptversammlung des Vorjahres. In seinem Jahresbericht gab Knoch einen Einblick in das abgelaufene Schie\u00dfsportjahr. Zahlreiche sportliche- und gesellschaftliche Termine gab es zu absolvieren. Am Dreik\u00f6nigstag 2020 waren die Kassenpr\u00fcfer Albert Decker und G\u00fcnter Schroller im Hause G.F.A. Fischer zur Kassenpr\u00fcfung angetreten. Der erste Vorsitzende war zur Vervollst\u00e4ndigung der Runde ebenfalls zugegen.<\/p>\n\n\n\n<p>Auf der Jahreshauptversammlung am 14. Januar im Hotel Hohenbogen in Furth im Wald bescheinigten die Kassenpr\u00fcfer ordnungsgem\u00e4\u00dfe Buchf\u00fchrung, so dass der Entlastung der Vorstandschaft nichts im Wege stand. Bei der Jahresabschlussfeier mit den tschechischen Sch\u00fctzenkollegen am 19. Januar in Seugenhof war f\u00fcr Speis und Trank der zahlreichen G\u00e4ste bestens gesorgt. Im M\u00e4rz f\u00fchrte der Weg von drei Abgeordneten des Vereins zur&nbsp; Landesdelegiertenversammlung nach&nbsp; Bad Abbach. G.F.A. Fischer, Karl-Heinz Stich und der erste Vorsitzende nahmen an der Landesdelegiertenversammlung teil. Neben Ausf\u00fchrungen zur Datenschutzverordnung stand nat\u00fcrlich die \u00c4nderung des Waffengesetzes zur Debatte. Der diesbez\u00fcglich vorgelegte Referentenentwurf war ganz einfach ausgedr\u00fcckt Schrott und die diesbez\u00fcglichen Ausf\u00fchrungen des BDS Pr\u00e4sidenten Fritz Gepperth lie\u00dfen schon im Vorfeld nichts Gutes erahnen.<\/p>\n\n\n\n<p><strong>Schie\u00dfsportliche Erfolge<\/strong><\/p>\n\n\n\n<p>Bei der Vereinsmeisterschaft waren 21 Starts zu verzeichnen (Vorjahr 27). <\/p>\n\n\n\n<p>An der Landkreismeisterschaft in Kurz- und Langwaffe nahmen 27 Starter teil (Vorjahr 28). KW: 10 Starts, DSG: 17 Starts.<\/p>\n\n\n\n<p>Sehr gut angenommen &#8211; auch von den anderen Vereinen &#8211; war wieder das DSG-\/Ordonnanzgewehrschie\u00dfen in Seugenhof mit insgesamt 33 Sch\u00fctzen aus 8 verschiedenen Vereinen (wie Vorjahr).<\/p>\n\n\n\n<p>Bei Kurzwaffe konnte mit insgesamt 79 Starts eine enorme Steigerung erzielt werden (Vorjahr 53). Damit wurde die magische 100er Marke bei den Landkreismeisterschaften endlich geknackt: Es waren 107 Starts.<\/p>\n\n\n\n<p>Bei der Bezirksmeisterschaft Ende Januar, Anfang Februar war der Schie\u00dfclub mit 30 Starts vertreten (Vorjahr 21).<\/p>\n\n\n\n<p>Bei der Landesmeisterschaft mit 19 Starts, in 15 Disziplinen beziehungsweise Wertungsklassen (Vorjahr 17 Klassen).<\/p>\n\n\n\n<p>2 Sch\u00fctzinnen und 1 Sch\u00fctze vertraten den Verein bei der Deutschen Meisterschaft\u00a0 in 3 Wertungsklassen.<\/p>\n\n\n\n<figure class=\"wp-block-image size-large is-resized\"><img loading=\"lazy\" decoding=\"async\" src=\"http:\/\/scoo-cham.de\/wp-content\/uploads\/2021\/01\/JHV20_1-768x1024.jpg\" alt=\"\" class=\"wp-image-543\" width=\"384\" height=\"512\" srcset=\"https:\/\/scoo-cham.de\/wp-content\/uploads\/2021\/01\/JHV20_1-768x1023.jpg 768w, https:\/\/scoo-cham.de\/wp-content\/uploads\/2021\/01\/JHV20_1-225x300.jpg 225w, https:\/\/scoo-cham.de\/wp-content\/uploads\/2021\/01\/JHV20_1-1153x1536.jpg 1153w, https:\/\/scoo-cham.de\/wp-content\/uploads\/2021\/01\/JHV20_1.jpg 1200w\" sizes=\"auto, (max-width: 384px) 100vw, 384px\" \/><\/figure>\n\n\n\n<figure class=\"wp-block-image size-large is-resized\"><img loading=\"lazy\" decoding=\"async\" src=\"http:\/\/scoo-cham.de\/wp-content\/uploads\/2021\/01\/JHV20_2-1024x519.jpg\" alt=\"\" class=\"wp-image-542\" width=\"512\" height=\"260\" srcset=\"https:\/\/scoo-cham.de\/wp-content\/uploads\/2021\/01\/JHV20_2-1024x519.jpg 1024w, https:\/\/scoo-cham.de\/wp-content\/uploads\/2021\/01\/JHV20_2-300x152.jpg 300w, https:\/\/scoo-cham.de\/wp-content\/uploads\/2021\/01\/JHV20_2-768x389.jpg 768w, https:\/\/scoo-cham.de\/wp-content\/uploads\/2021\/01\/JHV20_2-1536x778.jpg 1536w, https:\/\/scoo-cham.de\/wp-content\/uploads\/2021\/01\/JHV20_2-2048x1038.jpg 2048w\" sizes=\"auto, (max-width: 512px) 100vw, 512px\" \/><\/figure>\n\n\n\n<p>Ende Juni, Anfang Juli beteiligten sich zahlreiche Sch\u00fctzen des Vereins bei einem Preisschie\u00dfen der PG Cham &#8211; geschossen wurde auf Fallscheibe sowie Kegel auf Zeit.<\/p>\n\n\n\n<p>Am Samstag, 27. Juli 2019, ging der traditionelle Wettkampf in drei Disziplinen zwischen dem Sportovn\u011b-St\u0159eleck\u00fd Klub Kout na \u0160umav\u011b und dem Schie\u00dfclub Oberpfalz Ost e.V. \u00fcber die B\u00fchne. Neben Gro\u00dfkaliber-Kurzwaffe auf 25 Meter-Distanz stand unter anderem Schie\u00dfen mit dem VZ 58 (7,62x39mm) auf 50 Meter auf dem Programm. Insgesamt 24 Sch\u00fctzen beteiligten sich an dem grenz\u00fcberschreitenden Wettbewerb. F\u00fcr die drei erstplatzierten Mannschaften sowie Einzelsch\u00fctzen standen Pokale zur Verf\u00fcgung. Des Weiteren gab es zahlreiche Sachpreise zu gewinnen.<\/p>\n\n\n\n<p>Ein leidiges Thema war erneut, dass das Vereins Schie\u00dfsport-Equippment in Tschechien, vor allem die Pepper-Popper, laufend von anderen Sch\u00fctzen besch\u00e4digt wurden. Deshalb wird in Zukunft das Equippment nach dem Schie\u00dfen wieder mit nach Hause genommen. Daf\u00fcr wurde ein Fahrzeug-Anh\u00e4nger angeschafft. Das gr\u00f6\u00dfte \u00c4rgernis des Jahres war allerdings das 3. Waffenrechts\u00e4nderungsgesetz. Es gab allen Grund sich dar\u00fcber zu beschweren und so erhielten alle Bundestagsabgeordneten \u2013 mit Ausnahme der Abgeordneten der Parteien Gr\u00fcne und Linke \u2013 Ende Oktober 2019 von Vorsitzendem Knoch (in seiner Eigenschaft als Pr\u00e4sident von Pro Schie\u00dfsport International e.V.) ein Beschwerdeschreiben zugeschickt: 564 an der Zahl. Reaktionen blieben daraufhin nat\u00fcrlich nicht aus, wobei auch zahlreiche positive R\u00fcckmeldungen von Abgeordneten eingingen. Das 3. Waffenrechts\u00e4nderungsgesetz wurde dann am 13. Dezember 2019 mit den Stimmen der Regierungskoalition CDU\/CSU und SPD, gegen die Fraktionen der AfD und der FDP verabschiedet. Die Fraktionen der Gr\u00fcnen\/B\u00fcndnis 90 und der Linken enthielten sich, da ihnen der Gesetzesentwurf nicht weit genug ging.<\/p>\n\n\n\n<p>Nach seinen Ausf\u00fchrungen zollte Vorsitzender Knoch den schie\u00dfsportlichen Leistungen Respekt und w\u00fcnschte weiterhin viel Erfolg. Zusammen mit Sportleiter Karl-Heinz Stich nahm er die Siegerehrung&nbsp; der Meisterschaften vor.<\/p>\n\n\n\n<p>Der ausf\u00fchrliche Kassenbericht von G\u00f6tz Friedrich-August Fischer zeigte auf, dass der Verein gut gewirtschaftet hatte.&nbsp; Kassenpr\u00fcfer Albert Decker bescheinigte ordnungsgem\u00e4\u00dfe Buchf\u00fchrung, so dass einer Entlastung der Vorstandschaft nichts im Wege stand. Neuwahlen standen ebenfalls auf dem Programm, bei denen die bew\u00e4hrte Vorstandschaft von der Versammlung einstimmig wieder ins Amt gew\u00e4hlt wurde. Als Wahlausschuss fungierten Markus Janousch und Josef Baumann.<\/p>\n\n\n\n<p>Erster Vorsitzender: Andreas Knoch; zweiter Vorsitzender: Johann Bucher; Sportleiter: Karl-Heinz Stich; Spartenleiter Kurzwaffe: Gerhard Seidl; Spartenleiter Langwaffe: Norbert Peldszus; Schatzmeister: G\u00f6tz Friedrich August Fi\u00adscher und Schriftf\u00fchrer: Martin Hartl. Als Kassenpr\u00fcfer fungieren wieder Albert Decker und G\u00fcnter Schroller.<\/p>\n\n\n\n<p>Nach Ausf\u00fchrungen \u00fcber verschiedene Belange, wobei die \u00c4nderungen des Deutschen Waffenrechts im Mittelpunkt standen, wurde der offizielle Teil der Versammlung abgeschlossen.<\/p>\n","protected":false},"excerpt":{"rendered":"<p>\u00dcberschattet war die Jahreshauptversammlung vom 3. Waffenrechts\u00e4nderungsgesetz Zur Jahreshauptversammlung traf sich der Schie\u00dfclub Oberpfalz Ost e.V. am Sonntag, 12. Januar 2020, in der Kellerschenke in Furth im Wald. Im Anschluss an die Begr\u00fc\u00dfung f\u00fchrte der ersten Vorsitzende Andreas Knoch im<\/p>\n","protected":false},"author":1,"featured_media":0,"comment_status":"closed","ping_status":"open","sticky":false,"template":"","format":"standard","meta":{"footnotes":""},"categories":[2],"tags":[],"class_list":["post-537","post","type-post","status-publish","format-standard","hentry","category-veranstaltungen"],"_links":{"self":[{"href":"https:\/\/scoo-cham.de\/index.php?rest_route=\/wp\/v2\/posts\/537","targetHints":{"allow":["GET"]}}],"collection":[{"href":"https:\/\/scoo-cham.de\/index.php?rest_route=\/wp\/v2\/posts"}],"about":[{"href":"https:\/\/scoo-cham.de\/index.php?rest_route=\/wp\/v2\/types\/post"}],"author":[{"embeddable":true,"href":"https:\/\/scoo-cham.de\/index.php?rest_route=\/wp\/v2\/users\/1"}],"replies":[{"embeddable":true,"href":"https:\/\/scoo-cham.de\/index.php?rest_route=%2Fwp%2Fv2%2Fcomments&post=537"}],"version-history":[{"count":5,"href":"https:\/\/scoo-cham.de\/index.php?rest_route=\/wp\/v2\/posts\/537\/revisions"}],"predecessor-version":[{"id":544,"href":"https:\/\/scoo-cham.de\/index.php?rest_route=\/wp\/v2\/posts\/537\/revisions\/544"}],"wp:attachment":[{"href":"https:\/\/scoo-cham.de\/index.php?rest_route=%2Fwp%2Fv2%2Fmedia&parent=537"}],"wp:term":[{"taxonomy":"category","embeddable":true,"href":"https:\/\/scoo-cham.de\/index.php?rest_route=%2Fwp%2Fv2%2Fcategories&post=537"},{"taxonomy":"post_tag","embeddable":true,"href":"https:\/\/scoo-cham.de\/index.php?rest_route=%2Fwp%2Fv2%2Ftags&post=537"}],"curies":[{"name":"wp","href":"https:\/\/api.w.org\/{rel}","templated":true}]}}