{"id":547,"date":"2023-01-15T17:38:28","date_gmt":"2023-01-15T17:38:28","guid":{"rendered":"http:\/\/scoo-cham.de\/?p=547"},"modified":"2023-02-12T17:39:35","modified_gmt":"2023-02-12T17:39:35","slug":"schiessclub-zog-jahresbilanz-2","status":"publish","type":"post","link":"https:\/\/scoo-cham.de\/?p=547","title":{"rendered":"Schie\u00dfclub zog Jahresbilanz"},"content":{"rendered":"\n<p class=\"has-medium-font-size\">Bew\u00e4hrte Vorstandschaft bei Neuwahlen von der Versammlung im Amt best\u00e4tigt<\/p>\n\n\n\n<p>Am Sonntag, 15. Januar, traf sich der Schie\u00dfclub Oberpfalz Ost e.V. nach zweij\u00e4hriger Corona-Zwangspause im Sch\u00fctzenst\u00fcberl der Schie\u00dfanlage in Seugenhof zur Jahreshauptversammlung mit Neuwahlen.<\/p>\n\n\n\n<p>Im Anschluss an die Begr\u00fc\u00dfung durch ersten Vorsitzenden Andreas Knoch war das Totengedenken vor allem den verstorbenen Mitgliedern Uwe G\u00f6hrig, Willi Sterr und Alois Fischer gewidmet.<\/p>\n\n\n\n<p>Nach Genehmigung der Tagesordnung und Feststellung der Beschlussf\u00e4higkeit wurde von der Versammlung&nbsp; einstimmig \u00fcber den Antrag beschlossen, \u00a7 9 der Satzung (Wahl der Kassenpr\u00fcfer) ebenfalls zu \u00e4ndern (Wahlmodus alle drei Jahre).<\/p>\n\n\n\n<p>Schriftf\u00fchrer Martin Hartl verlas das Protokoll der Jahreshauptversammlung 2020.<\/p>\n\n\n\n<p>Tagesordnungsgem\u00e4\u00df hielt Knoch R\u00fcckblick auf die vergangenen Schie\u00dfsportjahre. Die Corona Lockdowns 2020 und 2021 waren mit zahlreichen Einschr\u00e4nkungen im \u00f6ffentlichen Leben verbunden und hatten das Vereinsleben fast zum Erliegen gebracht. Erst langsam erwachte der Schie\u00dfsport wieder zum Leben \u2013 mit FFP2-Maske, 2G- oder 3G-Regelung und es konnten unter Auflagen Termine stattfinden. Erfreulich war, so Knoch, dass die Zahl der Mitglieder w\u00e4hrend der Pandemie nicht r\u00fcckl\u00e4ufig, sondern ein Mitgliederzuwachs zu verzeichnen war.<\/p>\n\n\n\n<p>2022 kehrte Normalit\u00e4t ein und es wurde wieder ein abwechslungsreiches Programm mit Kurz- und Langwaffen diesseits und jenseits der Grenze angeboten. Im April war auch eine Landesdelegiertenversammlung in Mallersdorf \u00fcber die B\u00fchne gegangen. Der Verein war durch ersten Vorsitzenden Knoch, Sportleiter Karl-Heinz Stich und Schatzmeister G\u00f6tz&nbsp; F.A. Fischer vertreten. Mit einigen Neuanschaffungen im Schie\u00dfsportbereich und in der Verwaltung wurde vom Verein auch wieder in die Zukunft investiert, wie weiter zu erfahren war.<\/p>\n\n\n\n<p>Zahlreiche Vereinsmitglieder waren bei den Vereins- und Bezirksmeisterschaften angetreten und hatten sich zum Teil f\u00fcr die Landes- und Deutschen-Meisterschaften qualifiziert.<\/p>\n\n\n\n<p class=\"has-medium-font-size\"><strong>Beteiligung bei den Meisterschaften:<\/strong><\/p>\n\n\n\n<div class=\"wp-block-group is-vertical is-layout-flex wp-container-core-group-is-layout-8cf370e7 wp-block-group-is-layout-flex\">\n<p>Bezirksmeisterschaft 2020: 14 Starts,<\/p>\n\n\n\n<p>Landesmeisterschaft 2020: 12 Starts,<\/p>\n\n\n\n<p>Jubil\u00e4umsschie\u00dfen 45 Jahre BDS 2020: 4 Starts,<\/p>\n\n\n\n<p>Vereinsmeisterschaft 2021: 24 Starts,<\/p>\n\n\n\n<p>Landesmeisterschaft 2021: 18 Starts,<\/p>\n\n\n\n<p>Vereinsmeisterschaft 2022: 23 Starts,<\/p>\n\n\n\n<p>Landesmeisterschaft 2022: 15 Starts,<\/p>\n\n\n\n<p>Deutsche Meisterschaft 2022: 5 Starts.<\/p>\n<\/div>\n\n\n\n<p>Vorsitzender Knoch zollte den schie\u00dfsportlichen Leistungen Respekt und w\u00fcnschte weiterhin viel Erfolg. Zusammen mit Spartenleiter Andreas Seidl nahm er die Siegerehrung mit Verleihung der Urkunden und Auszeichnungen vor.<\/p>\n\n\n\n<figure class=\"wp-block-image size-large is-resized\"><img loading=\"lazy\" decoding=\"async\" src=\"http:\/\/scoo-cham.de\/wp-content\/uploads\/2023\/02\/JHV23_2-1024x683.jpg\" alt=\"\" class=\"wp-image-550\" width=\"834\" height=\"556\" srcset=\"https:\/\/scoo-cham.de\/wp-content\/uploads\/2023\/02\/JHV23_2-1024x683.jpg 1024w, https:\/\/scoo-cham.de\/wp-content\/uploads\/2023\/02\/JHV23_2-300x200.jpg 300w, https:\/\/scoo-cham.de\/wp-content\/uploads\/2023\/02\/JHV23_2-768x512.jpg 768w, https:\/\/scoo-cham.de\/wp-content\/uploads\/2023\/02\/JHV23_2-1536x1024.jpg 1536w, https:\/\/scoo-cham.de\/wp-content\/uploads\/2023\/02\/JHV23_2-2048x1365.jpg 2048w, https:\/\/scoo-cham.de\/wp-content\/uploads\/2023\/02\/JHV23_2-360x240.jpg 360w\" sizes=\"auto, (max-width: 834px) 100vw, 834px\" \/><figcaption class=\"wp-element-caption\">Zahlreiche Mitglieder hatten ihr K\u00f6nnen \u00fcber Kimme und Korn unter Beweis gestellt und sich zum Teil bis zur Deutschen Meisterschaft qualifiziert.<\/figcaption><\/figure>\n\n\n\n<p class=\"has-medium-font-size\"><strong>Ehrungen f\u00fcr langj\u00e4hrige treue Sch\u00fctzenkameradschaft:<\/strong><\/p>\n\n\n\n<p>Des Weiteren galt es langj\u00e4hrigen Mitgliedern f\u00fcr ihre Treue zum Verein zu danken. Urkunden und Ehrenzeichen f\u00fcr 10 Jahre erhielten Martin Hartl, Martin Haselsteiner, Daniel Krieger und Helmut Nothaas; f\u00fcr 30 Jahre: Alfons Geweth, Joachim Hofmann und Robert Krapfl.<\/p>\n\n\n\n<figure class=\"wp-block-image size-large is-resized\"><img loading=\"lazy\" decoding=\"async\" src=\"http:\/\/scoo-cham.de\/wp-content\/uploads\/2023\/02\/JHV23_1-1024x683.jpg\" alt=\"\" class=\"wp-image-549\" width=\"825\" height=\"550\" srcset=\"https:\/\/scoo-cham.de\/wp-content\/uploads\/2023\/02\/JHV23_1-1024x683.jpg 1024w, https:\/\/scoo-cham.de\/wp-content\/uploads\/2023\/02\/JHV23_1-300x200.jpg 300w, https:\/\/scoo-cham.de\/wp-content\/uploads\/2023\/02\/JHV23_1-768x512.jpg 768w, https:\/\/scoo-cham.de\/wp-content\/uploads\/2023\/02\/JHV23_1-1536x1024.jpg 1536w, https:\/\/scoo-cham.de\/wp-content\/uploads\/2023\/02\/JHV23_1-2048x1365.jpg 2048w, https:\/\/scoo-cham.de\/wp-content\/uploads\/2023\/02\/JHV23_1-360x240.jpg 360w\" sizes=\"auto, (max-width: 825px) 100vw, 825px\" \/><figcaption class=\"wp-element-caption\">F\u00fcr langj\u00e4hrige Mitgliedschaft wurden unter anderem ausgezeichnet (v.l.): Martin Hartl (10 Jahre), Joachim Hofmann (30 Jahre), Daniel Krieger (10 Jahre) und Alfons Geweth (30 Jahre).<\/figcaption><\/figure>\n\n\n\n<p>Der ausf\u00fchrliche Bericht von Schatzmeister G\u00f6tz F.A. Fischer zeigte auf, dass der Verein gut gewirtschaftet hatte. Kassenpr\u00fcfer Albert Decker bescheinigte ordnungsgem\u00e4\u00dfe Buchf\u00fchrung, so dass einer Entlastung der Vorstandschaft nichts mehr im Wege stand.<\/p>\n\n\n\n<p>Einige Satzungs\u00e4nderungen standen nun ebenfalls noch auf der Tagesordnung (\u00a7 8.3. und \u00a7 9 Neuwahlen nur noch alle drei Jahre sowie \u00a7 14 bei Aufl\u00f6sung geht das Verm\u00f6gen des Vereins treuh\u00e4nderisch an die Stadt Cham), die nach der Erl\u00e4uterung durch den Vorsitzenden von der Versammlung einstimmig beschlossen wurden.<\/p>\n\n\n\n<p>Die anschlie\u00dfenden Neuwahlen wurden vom Wahlausschuss, bestehend aus Markus Janousch und Herbert Heiland, routiniert durchgef\u00fchrt, wobei die gesamte Vorstandschaft wieder ins Amt gew\u00e4hlt wurde. Erster Vorsitzender: Andreas Knoch; zweiter Vorsitzender: Johann Bucher; Sportleiter: Karl-Heinz Stich; Spartenleiter Kurzwaffe: Gerhard Seidl; Spartenleiter Langwaffe: Andreas Seidl; Schatzmeister: G\u00f6tz F.A. Fischer; Schriftf\u00fchrer: Martin Hartl; Kassenpr\u00fcfer: Albert Decker und G\u00fcnter Schroller.<\/p>\n\n\n\n<p>Abschlie\u00dfend gab es verschiedene Belange zu diskutieren, wobei erneut geplante \u00c4nderungen des Waffengesetzes im Mittelpunkt standen.<\/p>\n","protected":false},"excerpt":{"rendered":"<p>Bew\u00e4hrte Vorstandschaft bei Neuwahlen von der Versammlung im Amt best\u00e4tigt Am Sonntag, 15. Januar, traf sich der Schie\u00dfclub Oberpfalz Ost e.V. nach zweij\u00e4hriger Corona-Zwangspause im Sch\u00fctzenst\u00fcberl der Schie\u00dfanlage in Seugenhof zur Jahreshauptversammlung mit Neuwahlen. Im Anschluss an die Begr\u00fc\u00dfung durch<\/p>\n","protected":false},"author":1,"featured_media":0,"comment_status":"closed","ping_status":"open","sticky":false,"template":"","format":"standard","meta":{"footnotes":""},"categories":[2],"tags":[],"class_list":["post-547","post","type-post","status-publish","format-standard","hentry","category-veranstaltungen"],"_links":{"self":[{"href":"https:\/\/scoo-cham.de\/index.php?rest_route=\/wp\/v2\/posts\/547","targetHints":{"allow":["GET"]}}],"collection":[{"href":"https:\/\/scoo-cham.de\/index.php?rest_route=\/wp\/v2\/posts"}],"about":[{"href":"https:\/\/scoo-cham.de\/index.php?rest_route=\/wp\/v2\/types\/post"}],"author":[{"embeddable":true,"href":"https:\/\/scoo-cham.de\/index.php?rest_route=\/wp\/v2\/users\/1"}],"replies":[{"embeddable":true,"href":"https:\/\/scoo-cham.de\/index.php?rest_route=%2Fwp%2Fv2%2Fcomments&post=547"}],"version-history":[{"count":10,"href":"https:\/\/scoo-cham.de\/index.php?rest_route=\/wp\/v2\/posts\/547\/revisions"}],"predecessor-version":[{"id":559,"href":"https:\/\/scoo-cham.de\/index.php?rest_route=\/wp\/v2\/posts\/547\/revisions\/559"}],"wp:attachment":[{"href":"https:\/\/scoo-cham.de\/index.php?rest_route=%2Fwp%2Fv2%2Fmedia&parent=547"}],"wp:term":[{"taxonomy":"category","embeddable":true,"href":"https:\/\/scoo-cham.de\/index.php?rest_route=%2Fwp%2Fv2%2Fcategories&post=547"},{"taxonomy":"post_tag","embeddable":true,"href":"https:\/\/scoo-cham.de\/index.php?rest_route=%2Fwp%2Fv2%2Ftags&post=547"}],"curies":[{"name":"wp","href":"https:\/\/api.w.org\/{rel}","templated":true}]}}