{"id":646,"date":"2024-01-15T17:09:30","date_gmt":"2024-01-15T17:09:30","guid":{"rendered":"http:\/\/scoo-cham.de\/?p=646"},"modified":"2025-01-27T17:11:19","modified_gmt":"2025-01-27T17:11:19","slug":"jahreshauptversammlung-2024","status":"publish","type":"post","link":"https:\/\/scoo-cham.de\/?p=646","title":{"rendered":"Jahreshauptversammlung 2024"},"content":{"rendered":"\n<p class=\"has-medium-font-size\"><strong>Kurt Rank zum Ehrenmitglied ernannt<\/strong><\/p>\n\n\n\n<p class=\"has-medium-font-size\"><strong>Schie\u00dfclub zog Jahresbilanz: Zahlreiche Erfolge konnten bei den Meisterschaften erzielt werden<\/strong><\/p>\n\n\n\n<p>Am Sonntag, 14. Januar 2024, traf sich der Schie\u00dfclub Oberpfalz Ost e.V.&nbsp; im Sch\u00fctzenst\u00fcberl der Schie\u00dfanlage in Seugenhof zur Jahreshauptversammlung.<\/p>\n\n\n\n<p>Im Anschluss an die Begr\u00fc\u00dfung durch ersten Vorsitzenden Andreas Knoch war das Totengedenken dem verstorbenen Mitglied Wolfgang Jaskulla gewidmet.<\/p>\n\n\n\n<p>Nach Genehmigung der Tagesordnung und Feststellung der Beschlussf\u00e4higkeit verlas Schriftf\u00fchrer Martin Hartl das Protokoll der Jahreshauptversammlung 2023.<\/p>\n\n\n\n<p>Knoch hielt R\u00fcckblick auf das abgelaufene Schie\u00dfsportjahr:<\/p>\n\n\n\n<p>Am Heilig-Dreik\u00f6nigstag war Kassenpr\u00fcfung im Hause G\u00f6tz F.A. Fischer. Die Jahreshauptversammlung fand am 15. Januar in Seugenhof statt und der Jahresabschluss mit den befreundeten tschechischen Sch\u00fctzenkollegen Ende Januar. Ende April galt es wieder die Landesdelegiertenversammlung in Mallersdorf zu besuchen. Der Verein war durch ersten Vorsitzenden Knoch, Sportleiter Karl-Heinz Stich und Schatzmeister G\u00f6tz F.A. Fischer vertreten. Der Landesverband Bayern ist mit \u00fcber 20.000 Mitgliedern in knapp 500 Vereinen der Mitgliederst\u00e4rkste im BDS. Monatlich gut besuchte Schie\u00dftermine mit Kurz- und Langwaffen fanden in Seugenhof und in Kout na Sumave statt. Im Juli der traditionelle Wettkampf in drei Disziplinen, wobei im Mannschaftswettbewerb der Schie\u00dfclub Platz 1 und 2 belegte.<\/p>\n\n\n\n<p>Im September ging die Landkreismeisterschaft Kurz- und Langwaffe \u00fcber die B\u00fchne. Ebenfalls im September machten sich Sch\u00fctzen des Vereins nach Friedenfels auf zur SG Steinwald zum 300 Meter-Schie\u00dfen.<\/p>\n\n\n\n<p>Zahlreiche Vereinsmitglieder waren bei den Vereins-, Landkreis- und Bezirksmeisterschaften angetreten und hatten sich zum Teil f\u00fcr die Landes- und Deutschen-Meisterschaften qualifiziert.<\/p>\n\n\n\n<figure class=\"wp-block-image size-large\"><img loading=\"lazy\" decoding=\"async\" width=\"1024\" height=\"768\" src=\"http:\/\/scoo-cham.de\/wp-content\/uploads\/2025\/01\/JHV24_3-1024x768.jpg\" alt=\"\" class=\"wp-image-648\" srcset=\"https:\/\/scoo-cham.de\/wp-content\/uploads\/2025\/01\/JHV24_3-1024x768.jpg 1024w, https:\/\/scoo-cham.de\/wp-content\/uploads\/2025\/01\/JHV24_3-300x225.jpg 300w, https:\/\/scoo-cham.de\/wp-content\/uploads\/2025\/01\/JHV24_3-768x576.jpg 768w, https:\/\/scoo-cham.de\/wp-content\/uploads\/2025\/01\/JHV24_3-1536x1152.jpg 1536w, https:\/\/scoo-cham.de\/wp-content\/uploads\/2025\/01\/JHV24_3-2048x1536.jpg 2048w\" sizes=\"auto, (max-width: 1024px) 100vw, 1024px\" \/><figcaption class=\"wp-element-caption\">Matthias Motta, Susanne Heiland, Sabine Heiland und G\u00f6tz F.A. Fischer (v.l.) vertraten den Verein bei der Deutschen Meisterschaft.<\/figcaption><\/figure>\n\n\n\n<figure class=\"wp-block-image size-large\"><img loading=\"lazy\" decoding=\"async\" width=\"1024\" height=\"768\" src=\"http:\/\/scoo-cham.de\/wp-content\/uploads\/2025\/01\/JHV24_2-1024x768.jpg\" alt=\"\" class=\"wp-image-650\" srcset=\"https:\/\/scoo-cham.de\/wp-content\/uploads\/2025\/01\/JHV24_2-1024x768.jpg 1024w, https:\/\/scoo-cham.de\/wp-content\/uploads\/2025\/01\/JHV24_2-300x225.jpg 300w, https:\/\/scoo-cham.de\/wp-content\/uploads\/2025\/01\/JHV24_2-768x576.jpg 768w, https:\/\/scoo-cham.de\/wp-content\/uploads\/2025\/01\/JHV24_2-1536x1152.jpg 1536w, https:\/\/scoo-cham.de\/wp-content\/uploads\/2025\/01\/JHV24_2-2048x1536.jpg 2048w\" sizes=\"auto, (max-width: 1024px) 100vw, 1024px\" \/><figcaption class=\"wp-element-caption\">Zahlreiche Mitglieder durften sich \u00fcber Urkunden und Ehrungen freuen.<\/figcaption><\/figure>\n\n\n\n<p>Vorsitzender Knoch zollte den schie\u00dfsportlichen Leistungen Respekt und w\u00fcnschte weiterhin viel Erfolg. Zusammen mit Sportleiter Karl-Heinz Stich nahm er die Siegerehrung mit Verleihung der Urkunden und Auszeichnungen vor. Des Weiteren galt es langj\u00e4hrigen Mitgliedern f\u00fcr ihre Treue zum Verein zu danken. Sie erhielten Urkunden und Ehrenzeichen f\u00fcr 10, 20 und 30 Jahre.<\/p>\n\n\n\n<p>Eine besondere Ehrung stand ebenfalls noch an:<\/p>\n\n\n\n<p>In seiner Laudatio w\u00fcrdigte Vorsitzender Knoch die Verdienste von Kurt Rank. Antragsgem\u00e4\u00df wurde Kurt Rank in Anerkennung seiner langj\u00e4hrigen Verdienste um den Verein von der Versammlung einstimmig zum Ehrenmitglied ernannt. \u00dcber ein besonderes Geschenk durfte er sich zus\u00e4tzlich freuen.<\/p>\n\n\n\n<figure class=\"wp-block-image size-large\"><img loading=\"lazy\" decoding=\"async\" width=\"1024\" height=\"768\" src=\"http:\/\/scoo-cham.de\/wp-content\/uploads\/2025\/01\/JHV24_1-1024x768.jpg\" alt=\"\" class=\"wp-image-649\" srcset=\"https:\/\/scoo-cham.de\/wp-content\/uploads\/2025\/01\/JHV24_1-1024x768.jpg 1024w, https:\/\/scoo-cham.de\/wp-content\/uploads\/2025\/01\/JHV24_1-300x225.jpg 300w, https:\/\/scoo-cham.de\/wp-content\/uploads\/2025\/01\/JHV24_1-768x576.jpg 768w, https:\/\/scoo-cham.de\/wp-content\/uploads\/2025\/01\/JHV24_1-1536x1152.jpg 1536w, https:\/\/scoo-cham.de\/wp-content\/uploads\/2025\/01\/JHV24_1-2048x1536.jpg 2048w\" sizes=\"auto, (max-width: 1024px) 100vw, 1024px\" \/><figcaption class=\"wp-element-caption\">Erster Vorsitzender Andreas Knoch gratulierte Kurt Rank (l.) zur Ernennung zum Ehrenmitglied und \u00fcberreichte Urkunde und Geschenk. Fotos: Martin Hartl<\/figcaption><\/figure>\n\n\n\n<p>Der ausf\u00fchrliche Bericht von Schatzmeister G\u00f6tz F.A. Fischer zeigte auf, dass der Verein gut gewirtschaftet hatte. Kassenpr\u00fcfer Albert Decker bescheinigte ordnungsgem\u00e4\u00dfe Buchf\u00fchrung, so dass einer Entlastung der Vorstandschaft nichts mehr im Wege stand.<\/p>\n\n\n\n<p>Eine Satzungs\u00e4nderung stand &nbsp;auf der Tagesordnung, die nach der Erl\u00e4uterung durch den Vorsitzenden von der Versammlung einstimmig beschlossen wurden. Satzungs\u00e4nderung: \u00a7 14 (Aufl\u00f6sung des Vereins) Satz 2 bisher: Entsprechendes gilt bei Aufhebung des Vereins oder Wegfall des bisherigen&nbsp; Vereinszwecks. Satz 2 neu: Entsprechendes gilt bei Aufhebung des Vereins oder bei Wegfall steuerbeg\u00fcnstigter Zwecke.<\/p>\n\n\n\n<p>Abschlie\u00dfend gab es verschiedene schie\u00dfsportliche und rechtliche Belange zu diskutieren.<\/p>\n","protected":false},"excerpt":{"rendered":"<p>Kurt Rank zum Ehrenmitglied ernannt Schie\u00dfclub zog Jahresbilanz: Zahlreiche Erfolge konnten bei den Meisterschaften erzielt werden Am Sonntag, 14. Januar 2024, traf sich der Schie\u00dfclub Oberpfalz Ost e.V.&nbsp; im Sch\u00fctzenst\u00fcberl der Schie\u00dfanlage in Seugenhof zur Jahreshauptversammlung. Im Anschluss an die<\/p>\n","protected":false},"author":1,"featured_media":0,"comment_status":"closed","ping_status":"open","sticky":false,"template":"","format":"standard","meta":{"footnotes":""},"categories":[2],"tags":[],"class_list":["post-646","post","type-post","status-publish","format-standard","hentry","category-veranstaltungen"],"_links":{"self":[{"href":"https:\/\/scoo-cham.de\/index.php?rest_route=\/wp\/v2\/posts\/646","targetHints":{"allow":["GET"]}}],"collection":[{"href":"https:\/\/scoo-cham.de\/index.php?rest_route=\/wp\/v2\/posts"}],"about":[{"href":"https:\/\/scoo-cham.de\/index.php?rest_route=\/wp\/v2\/types\/post"}],"author":[{"embeddable":true,"href":"https:\/\/scoo-cham.de\/index.php?rest_route=\/wp\/v2\/users\/1"}],"replies":[{"embeddable":true,"href":"https:\/\/scoo-cham.de\/index.php?rest_route=%2Fwp%2Fv2%2Fcomments&post=646"}],"version-history":[{"count":4,"href":"https:\/\/scoo-cham.de\/index.php?rest_route=\/wp\/v2\/posts\/646\/revisions"}],"predecessor-version":[{"id":653,"href":"https:\/\/scoo-cham.de\/index.php?rest_route=\/wp\/v2\/posts\/646\/revisions\/653"}],"wp:attachment":[{"href":"https:\/\/scoo-cham.de\/index.php?rest_route=%2Fwp%2Fv2%2Fmedia&parent=646"}],"wp:term":[{"taxonomy":"category","embeddable":true,"href":"https:\/\/scoo-cham.de\/index.php?rest_route=%2Fwp%2Fv2%2Fcategories&post=646"},{"taxonomy":"post_tag","embeddable":true,"href":"https:\/\/scoo-cham.de\/index.php?rest_route=%2Fwp%2Fv2%2Ftags&post=646"}],"curies":[{"name":"wp","href":"https:\/\/api.w.org\/{rel}","templated":true}]}}