{"id":664,"date":"2025-02-02T16:47:51","date_gmt":"2025-02-02T16:47:51","guid":{"rendered":"https:\/\/scoo-cham.de\/?p=664"},"modified":"2025-11-06T16:48:06","modified_gmt":"2025-11-06T16:48:06","slug":"jahreshauptversammlung-2025","status":"publish","type":"post","link":"https:\/\/scoo-cham.de\/?p=664","title":{"rendered":"Jahreshauptversammlung 2025"},"content":{"rendered":"\n<h2 class=\"wp-block-heading\">Hervorragende Leistungen erzielt<\/h2>\n\n\n\n<p>Zahlreiche Sch\u00fctzen des Vereins beteiligten sich 2024 an den<br>Meisterschaften<\/p>\n\n\n\n<p>Am Sonntag, 2. Februar 2025, traf sich der Schie\u00dfclub Oberpfalz Ost e.V. im<br>Sch\u00fctzenst\u00fcberl der Schie\u00dfanlage in Seugenhof zur Jahreshauptversammlung.<br>Im Anschluss an die Begr\u00fc\u00dfung durch ersten Vorsitzenden Andreas Knoch war das<br>Totengedenken vor allem den verstorbenen Mitgliedern Fritz Reiner und Albert<br>Gruber gewidmet.<\/p>\n\n\n\n<p>Nach Genehmigung der Tagesordnung und Feststellung der Beschlussf\u00e4higkeit verlas<br>Schriftf\u00fchrer Martin Hartl das Protokoll der Jahreshauptversammlung 2024.<br>Danach gab Knoch einen kleinen R\u00fcckblick auf das abgelaufene Schie\u00dfsportjahr.<br>Der Mitgliederstand des Schie\u00dfclub Oberpfalz Ost e.V. zum 1. Januar 2025 beziffert<br>sich auf 131 Mitglieder, davon zwei Ehrenmitglieder \u2013 Stand zum 1. Januar 2024: 112<br>Mitglieder. Die Kassenpr\u00fcfer waren wie allj\u00e4hrlich am Dreik\u00f6nigstag im Hause G\u00f6tz<br>F.A. Fischer t\u00e4tig und pr\u00fcften in Anwesenheit des Vorsitzenden die Kasse, wobei es<br>keine Beanstandungen gab. Jahreshauptversammlung war am Sonntag, 14. Januar<br>2024, im Sch\u00fctzenst\u00fcberl der Schie\u00dfanlage in Seugenhof.<br>Ende Januar fand hier auch die Jahresabschlussfeier mit den tschechischen<br>Sch\u00fctzenkollegen statt. Zur Arbeitssitzung traf sich die Vorstandschaft am Karfreitag<br>am Steinbruchsee in Sengenb\u00fchl.<br>Die Landesdelegiertenversammlung des BBS war am 6. April 2024 in Mallersdorf. Als<br>Delegierte des Vereins waren Karl-Heinz Stich, G\u00f6tz F.A. Fischer, Markus Janousch<br>und der erste Vorsitzende vertreten. Insgesamt waren 217 Delegierte bei der<br>Versammlung.<br>Der Landesverband Bayern f\u00fchrt nach wie vor als st\u00e4rkstem Landesverband im BDS<br>mit \u00fcber 22.000 Mitgliedern in 609 Vereinen. Es wurden verschiedene \u00c4nderungen<br>bei einigen Disziplinen beziehungsweise Wertungsklassen im Sporthandbuch<br>vorgenommen. Einsehbar auf den Seiten des BDS unter Sporthandbuch \u00c4nderungen.<br>Wichtigste \u00c4nderungen: Beim Langwaffenschie\u00dfen 100- und 300 Meter werden ab<br>Landesmeisterschaft nur noch 20 Schuss Wertung geschossen. Bei<br>Hochleistungsgewehr wurde das Maximalgewicht auf 10 kg erh\u00f6ht. F\u00fcr die Disziplin<br>3-Gun ist kein SuRt erforderlich.<br>Monatlich gut besuchte Schie\u00dftermine gab es in Seugenhof und auch in Kout na<br>Sumave.<\/p>\n\n\n\n<p>Ende Juni war der Verein zum 300 Meter-Schie\u00dfen bei der SG Steinwald in<br>Friedenfels unterwegs. Es konnte auch Vereinsmeisterschaft geschossen werden.<br>Am 27. Juli ging am Schie\u00dfstand in Kout na Sumave der traditionelle Wettkampf in<br>drei Disziplinen \u00fcber die B\u00fchne. Insgesamt 27 Einzelsch\u00fctzen und sechs<br>Mannschaften beteiligten sich. F\u00fcr alle Teilnehmer gab es wieder Sachpreise. Die<br>drei Erstplatzierten in der Einzel- und Mannschaftwertung erhielten Pokale.<\/p>\n\n\n\n<p>Ein besonderes Schie\u00dfen fand in Seugenhof auf Einladung von Johann Bucher statt,<br>der am 3. August seinen 65. Geburtstag feierte.<br>Im September fanden wieder Landkreismeisterschaften mit Kurzwaffe 25m (DSB KK<br>und BDS GK) auf der Schie\u00dfanlage der Pistolengruppe Cham sowie Langwaffe 100m<br>Dienstsportgewehr\/Ordonnanzgewehr und DSG-SL sowie SG SL in Seugenhof statt.<br>Ebenfalls im September war wieder ein Team zum 300 Meter-Schie\u00dfen nach<br>Friedenfels zur SG Steinwald unterwegs.<br>Die Siegerehrung der LKMS war im Oktober bei der PG Cham.<br>Am 31. Oktober fand eine Bezirksversammlung mit Neuwahlen in Lappersdorf statt,<br>die vom 2. Vorsitzenden Johann Bucher und ersten Vorsitzenden Andreas Knoch<br>besucht wurde.<br>Zahlreiche Vereinsmitglieder waren bei den Vereins- und Bezirksmeisterschaften<br>angetreten und hatten sich zum Teil f\u00fcr die Landes- und Deutschen-Meisterschaften<br>qualifiziert.<\/p>\n\n\n\n<p><strong>Beteiligung bei den Meisterschaften:<\/strong><\/p>\n\n\n\n<p>Vereinsmeisterschaft 2024: 47 Starts (Vorjahr 39),<br>Landkreismeisterschaft 2024: 53 Starts (Vorjahr 38),<br>Bezirksmeisterschaft 2024: 24 Starts (Vorjahr 32),<br>Landesmeisterschaft 2024: 40 Starts (Vorjahr 20),<br>Deutsche Meisterschaft 2024: 5 Starts (Vorjahr 8).<br><\/p>\n\n\n\n<p>Vorsitzender Knoch zollte den schie\u00dfsportlichen Leistungen Respekt und w\u00fcnschte<br>weiterhin viel Erfolg. Zusammen mit Spartenleiter Andreas Seidl nahm er die<br>Siegerehrung mit Verleihung der Urkunden und Auszeichnungen vor.<br>Der ausf\u00fchrliche Bericht von Schatzmeister G\u00f6tz F.A. Fischer zeigte auf, dass der<br>Verein gut gewirtschaftet hatte. Kassenpr\u00fcfer Albert Decker bescheinigte eine<br>ordnungsgem\u00e4\u00dfe Buchf\u00fchrung.<br>Abschlie\u00dfend gab es verschiedene Belange zu diskutieren, wobei erneut geplante<br>\u00c4nderungen des Waffengesetzes im Mittelpunkt standen.<\/p>\n\n\n\n<figure class=\"wp-block-image size-large\"><img loading=\"lazy\" decoding=\"async\" width=\"1024\" height=\"683\" src=\"http:\/\/scoo-cham.de\/wp-content\/uploads\/2025\/11\/JHV_25-1024x683.jpg\" alt=\"\" class=\"wp-image-663\" srcset=\"https:\/\/scoo-cham.de\/wp-content\/uploads\/2025\/11\/JHV_25-1024x683.jpg 1024w, https:\/\/scoo-cham.de\/wp-content\/uploads\/2025\/11\/JHV_25-300x200.jpg 300w, https:\/\/scoo-cham.de\/wp-content\/uploads\/2025\/11\/JHV_25-768x512.jpg 768w, https:\/\/scoo-cham.de\/wp-content\/uploads\/2025\/11\/JHV_25-1536x1024.jpg 1536w, https:\/\/scoo-cham.de\/wp-content\/uploads\/2025\/11\/JHV_25-2048x1365.jpg 2048w, https:\/\/scoo-cham.de\/wp-content\/uploads\/2025\/11\/JHV_25-360x240.jpg 360w\" sizes=\"auto, (max-width: 1024px) 100vw, 1024px\" \/><figcaption class=\"wp-element-caption\">Zahlreiche Sch\u00fctzen des Vereins hatten sich an den Meisterschaften beteiligt<br>und hervorragende Leistungen erzielt. Foto: Andreas Knoch<\/figcaption><\/figure>\n\n\n\n<p><\/p>\n","protected":false},"excerpt":{"rendered":"<p>Hervorragende Leistungen erzielt Zahlreiche Sch\u00fctzen des Vereins beteiligten sich 2024 an denMeisterschaften Am Sonntag, 2. Februar 2025, traf sich der Schie\u00dfclub Oberpfalz Ost e.V. imSch\u00fctzenst\u00fcberl der Schie\u00dfanlage in Seugenhof zur Jahreshauptversammlung.Im Anschluss an die Begr\u00fc\u00dfung durch ersten Vorsitzenden Andreas Knoch<\/p>\n","protected":false},"author":1,"featured_media":0,"comment_status":"closed","ping_status":"open","sticky":false,"template":"","format":"standard","meta":{"footnotes":""},"categories":[2],"tags":[],"class_list":["post-664","post","type-post","status-publish","format-standard","hentry","category-veranstaltungen"],"_links":{"self":[{"href":"https:\/\/scoo-cham.de\/index.php?rest_route=\/wp\/v2\/posts\/664","targetHints":{"allow":["GET"]}}],"collection":[{"href":"https:\/\/scoo-cham.de\/index.php?rest_route=\/wp\/v2\/posts"}],"about":[{"href":"https:\/\/scoo-cham.de\/index.php?rest_route=\/wp\/v2\/types\/post"}],"author":[{"embeddable":true,"href":"https:\/\/scoo-cham.de\/index.php?rest_route=\/wp\/v2\/users\/1"}],"replies":[{"embeddable":true,"href":"https:\/\/scoo-cham.de\/index.php?rest_route=%2Fwp%2Fv2%2Fcomments&post=664"}],"version-history":[{"count":1,"href":"https:\/\/scoo-cham.de\/index.php?rest_route=\/wp\/v2\/posts\/664\/revisions"}],"predecessor-version":[{"id":665,"href":"https:\/\/scoo-cham.de\/index.php?rest_route=\/wp\/v2\/posts\/664\/revisions\/665"}],"wp:attachment":[{"href":"https:\/\/scoo-cham.de\/index.php?rest_route=%2Fwp%2Fv2%2Fmedia&parent=664"}],"wp:term":[{"taxonomy":"category","embeddable":true,"href":"https:\/\/scoo-cham.de\/index.php?rest_route=%2Fwp%2Fv2%2Fcategories&post=664"},{"taxonomy":"post_tag","embeddable":true,"href":"https:\/\/scoo-cham.de\/index.php?rest_route=%2Fwp%2Fv2%2Ftags&post=664"}],"curies":[{"name":"wp","href":"https:\/\/api.w.org\/{rel}","templated":true}]}}